{"id":995,"date":"2020-07-26T17:25:54","date_gmt":"2020-07-26T17:25:54","guid":{"rendered":"http:\/\/avozdecambra.pt\/?p=995"},"modified":"2020-07-26T17:43:39","modified_gmt":"2020-07-26T17:43:39","slug":"incendios-dois-reacendimentos-deixam-este-domingo-bombeiros-sob-vigilancia-ativa","status":"publish","type":"post","link":"http:\/\/avozdecambra.pt\/?p=995","title":{"rendered":"Inc\u00eandios. Dois reacendimentos deixam este domingo bombeiros de Vale de Cambra sob vigil\u00e2ncia ativa"},"content":{"rendered":"\n<p>Neste momento, existem ainda dois reacendimentos ativos, um em Campo d\u00b4Arca, resultante do inc\u00eandio que deflagrou no \u00faltimo s\u00e1bado neste local e outro no alto de Currais, consequente do fogo que ocorreu esta noite.&nbsp;<\/p>\n\n\n\n<p>\u201cO calor e o vento est\u00e3o a ajudar a reacender os fogos\u201d, refor\u00e7a.&nbsp;<\/p>\n\n\n\n<p>Filipe Aguiar apela \u00e0 popula\u00e7\u00e3o para que mantenha os cuidados quando circulam na estrada, n\u00e3o atirando qualquer igni\u00e7\u00e3o para a floresta.&nbsp;<\/p>\n\n\n\n<p>No terreno, est\u00e3o duas equipas de bombeiros de Vale de Cambra em vigil\u00e2ncia ativa.<\/p>\n","protected":false},"excerpt":{"rendered":"<p>Neste momento, existem ainda dois reacendimentos ativos, um em Campo d\u00b4Arca, resultante do inc\u00eandio que deflagrou no \u00faltimo s\u00e1bado neste local e outro no alto de Currais, consequente do fogo que ocorreu esta noite.&nbsp; \u201cO calor e o vento est\u00e3o a ajudar a reacender os fogos\u201d, refor\u00e7a.&nbsp; Filipe Aguiar apela \u00e0 popula\u00e7\u00e3o para que mantenha<\/p>\n","protected":false},"author":5,"featured_media":996,"comment_status":"open","ping_status":"open","sticky":false,"template":"","format":"standard","meta":{"_monsterinsights_skip_tracking":false,"_monsterinsights_sitenote_active":false,"_monsterinsights_sitenote_note":"","_monsterinsights_sitenote_category":0,"footnotes":""},"categories":[1],"tags":[31],"class_list":{"0":"post-995","1":"post","2":"type-post","3":"status-publish","4":"format-standard","5":"has-post-thumbnail","7":"category-atual","8":"tag-bombeiros-voluntarios-de-vale-de-cambra"},"aioseo_notices":[],"_links":{"self":[{"href":"http:\/\/avozdecambra.pt\/index.php?rest_route=\/wp\/v2\/posts\/995","targetHints":{"allow":["GET"]}}],"collection":[{"href":"http:\/\/avozdecambra.pt\/index.php?rest_route=\/wp\/v2\/posts"}],"about":[{"href":"http:\/\/avozdecambra.pt\/index.php?rest_route=\/wp\/v2\/types\/post"}],"author":[{"embeddable":true,"href":"http:\/\/avozdecambra.pt\/index.php?rest_route=\/wp\/v2\/users\/5"}],"replies":[{"embeddable":true,"href":"http:\/\/avozdecambra.pt\/index.php?rest_route=%2Fwp%2Fv2%2Fcomments&post=995"}],"version-history":[{"count":3,"href":"http:\/\/avozdecambra.pt\/index.php?rest_route=\/wp\/v2\/posts\/995\/revisions"}],"predecessor-version":[{"id":999,"href":"http:\/\/avozdecambra.pt\/index.php?rest_route=\/wp\/v2\/posts\/995\/revisions\/999"}],"wp:featuredmedia":[{"embeddable":true,"href":"http:\/\/avozdecambra.pt\/index.php?rest_route=\/wp\/v2\/media\/996"}],"wp:attachment":[{"href":"http:\/\/avozdecambra.pt\/index.php?rest_route=%2Fwp%2Fv2%2Fmedia&parent=995"}],"wp:term":[{"taxonomy":"category","embeddable":true,"href":"http:\/\/avozdecambra.pt\/index.php?rest_route=%2Fwp%2Fv2%2Fcategories&post=995"},{"taxonomy":"post_tag","embeddable":true,"href":"http:\/\/avozdecambra.pt\/index.php?rest_route=%2Fwp%2Fv2%2Ftags&post=995"}],"curies":[{"name":"wp","href":"https:\/\/api.w.org\/{rel}","templated":true}]}}