{"id":1061,"count":1,"description":"","link":"http:\/\/avozdecambra.pt\/?tag=concerto-oracao-renascer-na-esperanca","name":"\u201cConcerto Ora\u00e7\u00e3o: (Re)nascer na Esperan\u00e7a\u201d","slug":"concerto-oracao-renascer-na-esperanca","taxonomy":"post_tag","meta":[],"_links":{"self":[{"href":"http:\/\/avozdecambra.pt\/index.php?rest_route=\/wp\/v2\/tags\/1061","targetHints":{"allow":["GET"]}}],"collection":[{"href":"http:\/\/avozdecambra.pt\/index.php?rest_route=\/wp\/v2\/tags"}],"about":[{"href":"http:\/\/avozdecambra.pt\/index.php?rest_route=\/wp\/v2\/taxonomies\/post_tag"}],"wp:post_type":[{"href":"http:\/\/avozdecambra.pt\/index.php?rest_route=%2Fwp%2Fv2%2Fposts&tags=1061"}],"curies":[{"name":"wp","href":"https:\/\/api.w.org\/{rel}","templated":true}]}}