{"id":416,"count":1,"description":"Saiba quem j\u00e1 est\u00e1 na corrida \u00e0 cadeira da presid\u00eancia!","link":"https:\/\/avozdecambra.pt\/?cat=416","name":"Na Cadeira da Presid\u00eancia","slug":"na-cadeira-da-presidencia","taxonomy":"category","parent":0,"meta":[],"_links":{"self":[{"href":"https:\/\/avozdecambra.pt\/index.php?rest_route=\/wp\/v2\/categories\/416","targetHints":{"allow":["GET"]}}],"collection":[{"href":"https:\/\/avozdecambra.pt\/index.php?rest_route=\/wp\/v2\/categories"}],"about":[{"href":"https:\/\/avozdecambra.pt\/index.php?rest_route=\/wp\/v2\/taxonomies\/category"}],"wp:post_type":[{"href":"https:\/\/avozdecambra.pt\/index.php?rest_route=%2Fwp%2Fv2%2Fposts&categories=416"}],"curies":[{"name":"wp","href":"https:\/\/api.w.org\/{rel}","templated":true}]}}