{"id":10782,"date":"2024-07-03T00:48:12","date_gmt":"2024-07-03T00:48:12","guid":{"rendered":"http:\/\/avozdecambra.pt\/?p=10782"},"modified":"2024-07-03T11:31:36","modified_gmt":"2024-07-03T11:31:36","slug":"vale-de-cambra-distingue-antonio-julio-correia-teixeira-da-silva-com-medalha-de-ouro-do-municipio","status":"publish","type":"post","link":"https:\/\/avozdecambra.pt\/?p=10782","title":{"rendered":"Vale de Cambra decide distinguir Ant\u00f3nio J\u00falio Correia Teixeira da Silva com Medalha de Ouro do Munic\u00edpio"},"content":{"rendered":"\n<p><strong>Ant\u00f3nio J\u00falio Correia Teixeira da Silva ser\u00e1\u00a0reconhecido, a t\u00edtulo p\u00f3stumo, com a Medalha de Ouro do Munic\u00edpio de Vale de Cambra e de t\u00edtulo de Cidad\u00e3o Honor\u00e1rio, delibera\u00e7\u00e3o\u00a0que mereceu a concord\u00e2ncia das for\u00e7as pol\u00edticas do executivo e Assembleia Municipal.<\/strong><\/p>\n\n\n\n<p><strong>Cristina Maria Santos&nbsp;<\/strong><\/p>\n\n\n\n<p>Ant\u00f3nio J\u00falio Correia Teixeira da Silva foi m\u00e9dico, profiss\u00e3o que exerceu com reconhecidas caracter\u00edsticas humanas. O valecambrense foi tamb\u00e9m motor da funda\u00e7\u00e3o do PPD\/PSD em Vale de Cambra.&nbsp;<\/p>\n\n\n\n<p>A proposta foi feita por Jo\u00e3o Carvalho Silva, l\u00edder da bancada do PPD\/PSD na Assembleia Municipal de Vale de Cambra (PSD), por considerar que, no ano em que a democracia comemora 50 anos, &#8220;n\u00e3o h\u00e1 forma mais justa que homenagear um valecambrense que foi deputado na Assembleia Constituinte de 1975&#8221;. <\/p>\n\n\n\n<p>Na cerim\u00f3nia evocativa dos 50 anos do 25 de Abril, Jo\u00e3o Carvalho Silva evocou a mem\u00f3ria de &#8220;um homem que lutou na casa da democracia pela liberdade&#8221;, referiu. <\/p>\n\n\n\n<p>Em declara\u00e7\u00f5es ao Voz de Cambra, o deputado municipal disse que esta proposta &#8220;peca por tardia&#8221;, uma vez que Ant\u00f3nio J\u00falio Correia Teixeira da Silva tem marcado v\u00e1rias gera\u00e7\u00f5es &#8220;pela forma abnegada com que defendia a sua terra e os anseios das suas gentes&#8221;, sublinhou. <\/p>\n\n\n\n<p>&#8220;Dedicou a sua vida ao servi\u00e7o da nossa cidade, tendo sido um exemplo inspirador de lideran\u00e7a, dedica\u00e7\u00e3o e compromisso n\u00e3o s\u00f3 para a sua gera\u00e7\u00e3o, mas tamb\u00e9m para as gera\u00e7\u00f5es posteriores&#8221;, refor\u00e7ou o deputado e lembrou ainda a sua contribui\u00e7\u00e3o para a promo\u00e7\u00e3o da cultura, educa\u00e7\u00e3o, sa\u00fade p\u00fablica e pelo progresso e prosperidade de Vale de Cambra.<\/p>\n\n\n\n<p>Jo\u00e3o Carvalho Silva revelou que gostava que esta homenagem viesse a ser feita em Abril de 2025, ano que se comemora 50 anos da elei\u00e7\u00e3o da Assembleia Constituinte.<\/p>\n\n\n\n<p>\u201cFoi o homem que primeiramente o pensou, o organizou, que o uniu e o presidiu. Por sua m\u00e3o, no dia 17 de julho de 1974, em Vale de Cambra, foi dada a conhecer a Comiss\u00e3o Instaladora do n\u00facleo concelhio do P.P.D., anterior \u00e0s da concelhia e distrital de Aveiro, o que n\u00e3o \u00e9 um facto de somenos import\u00e2ncia\u201d, revelou Ana Rita, da bancada do PSD na \u00faltima sess\u00e3o da Assembleia Municipal de Vale de Cambra.<\/p>\n\n\n\n<p>Para o PSD de Vale de Cambra, o homenageado n\u00e3o \u00e9 apenas um dos fundadores do PPD\/PSD de Vale de Cambra, &#8220;foi e ser\u00e1 sempre um valecambrense de refer\u00eancia, que ultrapassa cores pol\u00edticas&#8221;, frisou. <\/p>\n\n\n\n<p>&#8220;O seu legado n\u00e3o \u00e9 \u201cnosso\u201d, \u00e9 de todos. O Dr. Ant\u00f3nio J\u00falio \u00e9 um dos fundadores da democracia em Vale de Cambra e \u00e9 uma figura incontorn\u00e1vel e intrinsecamente ligada \u00e0 hist\u00f3ria do nosso concelho. Mas \u00e9, e dever\u00e1 s\u00ea-lo sempre, um exemplo, uma refer\u00eancia, uma inspira\u00e7\u00e3o para as gera\u00e7\u00f5es futuras&#8221;,  acrescentou o Partido. <\/p>\n\n\n\n<p>Os sociais-democratas frisam tamb\u00e9m as qualidade humanas e vision\u00e1rias de Ant\u00f3nio J\u00falio Correia Teixeira da Silva, que esteve na linha da frente da Comiss\u00e3o Organizadora do 1.\u00ba de Maio de 1974 em Vale de Cambra e, por isso,  consideram justa esta homenagem, que coincide com os 50 anos da democracia em Portugal e o 50.\u00ba anivers\u00e1rio do PPD\/PSD de Vale de Cambra.&nbsp;<\/p>\n\n\n\n<p>Nas v\u00e1rias fun\u00e7\u00f5es que ocupou na vida p\u00fablica, em 1971, Ant\u00f3nio J\u00falio Correia Teixeira da Silva, ocupou fun\u00e7\u00f5es de diretor do &#8220;A Voz de Cambra&#8221;, jornal que se come\u00e7a a publicar no concelho, nesse mesmo ano, fundado por Adolfo Tavares Coutinho e Manuel Gon\u00e7alo Bastos de Pinho. <\/p>\n\n\n\n<p>A Medalha de Ouro do Munic\u00edpio confere ao agraciado o t\u00edtulo de Cidad\u00e3o Honor\u00e1rio de Vale de Cambra, a mais alta distin\u00e7\u00e3o municipal pelos servi\u00e7os prestados ao concelho e a proposta da sua atribui\u00e7\u00e3o mereceu a concord\u00e2ncia das for\u00e7as pol\u00edticas do executivo e Assembleia Municipal.&nbsp;&nbsp;<\/p>\n","protected":false},"excerpt":{"rendered":"<p>Ant\u00f3nio J\u00falio Correia Teixeira da Silva ser\u00e1\u00a0reconhecido, a t\u00edtulo p\u00f3stumo, com a Medalha de Ouro do Munic\u00edpio de Vale de Cambra e de t\u00edtulo de Cidad\u00e3o Honor\u00e1rio, delibera\u00e7\u00e3o\u00a0que mereceu a concord\u00e2ncia das for\u00e7as pol\u00edticas do executivo e Assembleia Municipal. Cristina Maria Santos&nbsp; Ant\u00f3nio J\u00falio Correia Teixeira da Silva foi m\u00e9dico, profiss\u00e3o que exerceu com reconhecidas<\/p>\n","protected":false},"author":5,"featured_media":10783,"comment_status":"open","ping_status":"open","sticky":false,"template":"","format":"standard","meta":{"_monsterinsights_skip_tracking":false,"_monsterinsights_sitenote_active":false,"_monsterinsights_sitenote_note":"","_monsterinsights_sitenote_category":0,"footnotes":""},"categories":[1],"tags":[1011,389],"class_list":{"0":"post-10782","1":"post","2":"type-post","3":"status-publish","4":"format-standard","5":"has-post-thumbnail","7":"category-atual","8":"tag-antonio-julio-correia-teixeira-da-silva","9":"tag-ppd-psd"},"aioseo_notices":[],"_links":{"self":[{"href":"https:\/\/avozdecambra.pt\/index.php?rest_route=\/wp\/v2\/posts\/10782","targetHints":{"allow":["GET"]}}],"collection":[{"href":"https:\/\/avozdecambra.pt\/index.php?rest_route=\/wp\/v2\/posts"}],"about":[{"href":"https:\/\/avozdecambra.pt\/index.php?rest_route=\/wp\/v2\/types\/post"}],"author":[{"embeddable":true,"href":"https:\/\/avozdecambra.pt\/index.php?rest_route=\/wp\/v2\/users\/5"}],"replies":[{"embeddable":true,"href":"https:\/\/avozdecambra.pt\/index.php?rest_route=%2Fwp%2Fv2%2Fcomments&post=10782"}],"version-history":[{"count":11,"href":"https:\/\/avozdecambra.pt\/index.php?rest_route=\/wp\/v2\/posts\/10782\/revisions"}],"predecessor-version":[{"id":10800,"href":"https:\/\/avozdecambra.pt\/index.php?rest_route=\/wp\/v2\/posts\/10782\/revisions\/10800"}],"wp:featuredmedia":[{"embeddable":true,"href":"https:\/\/avozdecambra.pt\/index.php?rest_route=\/wp\/v2\/media\/10783"}],"wp:attachment":[{"href":"https:\/\/avozdecambra.pt\/index.php?rest_route=%2Fwp%2Fv2%2Fmedia&parent=10782"}],"wp:term":[{"taxonomy":"category","embeddable":true,"href":"https:\/\/avozdecambra.pt\/index.php?rest_route=%2Fwp%2Fv2%2Fcategories&post=10782"},{"taxonomy":"post_tag","embeddable":true,"href":"https:\/\/avozdecambra.pt\/index.php?rest_route=%2Fwp%2Fv2%2Ftags&post=10782"}],"curies":[{"name":"wp","href":"https:\/\/api.w.org\/{rel}","templated":true}]}}