{"id":1089,"date":"2020-08-17T15:36:51","date_gmt":"2020-08-17T15:36:51","guid":{"rendered":"http:\/\/avozdecambra.pt\/?p=1089"},"modified":"2020-08-17T15:45:43","modified_gmt":"2020-08-17T15:45:43","slug":"covid-19-605-das-empresas-com-impacto-negativo-e-7-viram-negocio-a-sair-favorecido-diz-inquerito","status":"publish","type":"post","link":"https:\/\/avozdecambra.pt\/?p=1089","title":{"rendered":"Covid-19. 60,5% das empresas com impacto negativo e 7% viram neg\u00f3cio a sair favorecido diz inqu\u00e9rito"},"content":{"rendered":"\n<p>O inqu\u00e9rito sobre o impacto da pandemia provocada pelo novo coronav\u00edrus nas empresas de Vale de Cambra revela que mais de 60% destas empresas sentiram um impacto negativo. Contudo, 7% viram o neg\u00f3cio a sair favorecido com a crise sanit\u00e1ria.&nbsp;<\/p>\n\n\n\n<hr class=\"wp-block-separator\"\/>\n\n\n\n<p><em>Leia esta not\u00edcia na integra no jornal em papel. J\u00e1 nas bancas!<\/em><\/p>\n\n\n\n<p><em>Apoie o jornal da sua Terra!<\/em><\/p>\n","protected":false},"excerpt":{"rendered":"<p>O inqu\u00e9rito sobre o impacto da pandemia provocada pelo novo coronav\u00edrus nas empresas de Vale de Cambra revela que mais de 60% destas empresas sentiram um impacto negativo. Contudo, 7% viram o neg\u00f3cio a sair favorecido com a crise sanit\u00e1ria.&nbsp; Leia esta not\u00edcia na integra no jornal em papel. J\u00e1 nas bancas! Apoie o jornal<\/p>\n","protected":false},"author":5,"featured_media":1093,"comment_status":"open","ping_status":"open","sticky":false,"template":"","format":"standard","meta":{"_monsterinsights_skip_tracking":false,"_monsterinsights_sitenote_active":false,"_monsterinsights_sitenote_note":"","_monsterinsights_sitenote_category":0,"footnotes":""},"categories":[1,157],"tags":[77,10,78],"class_list":{"0":"post-1089","1":"post","2":"type-post","3":"status-publish","4":"format-standard","5":"has-post-thumbnail","7":"category-atual","8":"category-covid-19","9":"tag-comercio","10":"tag-covid-19","11":"tag-industria"},"aioseo_notices":[],"_links":{"self":[{"href":"https:\/\/avozdecambra.pt\/index.php?rest_route=\/wp\/v2\/posts\/1089","targetHints":{"allow":["GET"]}}],"collection":[{"href":"https:\/\/avozdecambra.pt\/index.php?rest_route=\/wp\/v2\/posts"}],"about":[{"href":"https:\/\/avozdecambra.pt\/index.php?rest_route=\/wp\/v2\/types\/post"}],"author":[{"embeddable":true,"href":"https:\/\/avozdecambra.pt\/index.php?rest_route=\/wp\/v2\/users\/5"}],"replies":[{"embeddable":true,"href":"https:\/\/avozdecambra.pt\/index.php?rest_route=%2Fwp%2Fv2%2Fcomments&post=1089"}],"version-history":[{"count":2,"href":"https:\/\/avozdecambra.pt\/index.php?rest_route=\/wp\/v2\/posts\/1089\/revisions"}],"predecessor-version":[{"id":1094,"href":"https:\/\/avozdecambra.pt\/index.php?rest_route=\/wp\/v2\/posts\/1089\/revisions\/1094"}],"wp:featuredmedia":[{"embeddable":true,"href":"https:\/\/avozdecambra.pt\/index.php?rest_route=\/wp\/v2\/media\/1093"}],"wp:attachment":[{"href":"https:\/\/avozdecambra.pt\/index.php?rest_route=%2Fwp%2Fv2%2Fmedia&parent=1089"}],"wp:term":[{"taxonomy":"category","embeddable":true,"href":"https:\/\/avozdecambra.pt\/index.php?rest_route=%2Fwp%2Fv2%2Fcategories&post=1089"},{"taxonomy":"post_tag","embeddable":true,"href":"https:\/\/avozdecambra.pt\/index.php?rest_route=%2Fwp%2Fv2%2Ftags&post=1089"}],"curies":[{"name":"wp","href":"https:\/\/api.w.org\/{rel}","templated":true}]}}