{"id":1101,"date":"2020-08-17T16:11:17","date_gmt":"2020-08-17T16:11:17","guid":{"rendered":"http:\/\/avozdecambra.pt\/?p=1101"},"modified":"2020-08-17T16:11:18","modified_gmt":"2020-08-17T16:11:18","slug":"a-pandemia-contagiou-as-vendas-mas-nao-parou-industria-que-contra-atacou","status":"publish","type":"post","link":"https:\/\/avozdecambra.pt\/?p=1101","title":{"rendered":"A pandemia contagiou as vendas mas n\u00e3o parou ind\u00fastria que contra-atacou"},"content":{"rendered":"\n<p>VALE A PENA | Investir<\/p>\n\n\n\n<p>A ind\u00fastria foi tamb\u00e9m foi um sector que teve de se reinventar para responder \u00e0 crise da Covid-19. O Voz de Cambra foi saber como o setor produtivo de Vale de Cambra se mobilizou e deu resposta r\u00e1pida \u00e0 sociedade, para assegurar a exporta\u00e7\u00e3o.<\/p>\n\n\n\n<hr class=\"wp-block-separator\"\/>\n\n\n\n<p><em>Leia esta not\u00edcia na integra no jornal em papel. J\u00e1 nas bancas!<\/em><\/p>\n\n\n\n<p><em>Apoie o jornal da sua Terra!<\/em><\/p>\n","protected":false},"excerpt":{"rendered":"<p>VALE A PENA | Investir A ind\u00fastria foi tamb\u00e9m foi um sector que teve de se reinventar para responder \u00e0 crise da Covid-19. O Voz de Cambra foi saber como o setor produtivo de Vale de Cambra se mobilizou e deu resposta r\u00e1pida \u00e0 sociedade, para assegurar a exporta\u00e7\u00e3o. Leia esta not\u00edcia na integra no<\/p>\n","protected":false},"author":5,"featured_media":1102,"comment_status":"open","ping_status":"open","sticky":false,"template":"","format":"standard","meta":{"_monsterinsights_skip_tracking":false,"_monsterinsights_sitenote_active":false,"_monsterinsights_sitenote_note":"","_monsterinsights_sitenote_category":0,"footnotes":""},"categories":[1,157,158],"tags":[78,147,146],"class_list":{"0":"post-1101","1":"post","2":"type-post","3":"status-publish","4":"format-standard","5":"has-post-thumbnail","7":"category-atual","8":"category-covid-19","9":"category-valeapena","10":"tag-industria","11":"tag-inocambra","12":"tag-tecnocon"},"aioseo_notices":[],"_links":{"self":[{"href":"https:\/\/avozdecambra.pt\/index.php?rest_route=\/wp\/v2\/posts\/1101","targetHints":{"allow":["GET"]}}],"collection":[{"href":"https:\/\/avozdecambra.pt\/index.php?rest_route=\/wp\/v2\/posts"}],"about":[{"href":"https:\/\/avozdecambra.pt\/index.php?rest_route=\/wp\/v2\/types\/post"}],"author":[{"embeddable":true,"href":"https:\/\/avozdecambra.pt\/index.php?rest_route=\/wp\/v2\/users\/5"}],"replies":[{"embeddable":true,"href":"https:\/\/avozdecambra.pt\/index.php?rest_route=%2Fwp%2Fv2%2Fcomments&post=1101"}],"version-history":[{"count":1,"href":"https:\/\/avozdecambra.pt\/index.php?rest_route=\/wp\/v2\/posts\/1101\/revisions"}],"predecessor-version":[{"id":1103,"href":"https:\/\/avozdecambra.pt\/index.php?rest_route=\/wp\/v2\/posts\/1101\/revisions\/1103"}],"wp:featuredmedia":[{"embeddable":true,"href":"https:\/\/avozdecambra.pt\/index.php?rest_route=\/wp\/v2\/media\/1102"}],"wp:attachment":[{"href":"https:\/\/avozdecambra.pt\/index.php?rest_route=%2Fwp%2Fv2%2Fmedia&parent=1101"}],"wp:term":[{"taxonomy":"category","embeddable":true,"href":"https:\/\/avozdecambra.pt\/index.php?rest_route=%2Fwp%2Fv2%2Fcategories&post=1101"},{"taxonomy":"post_tag","embeddable":true,"href":"https:\/\/avozdecambra.pt\/index.php?rest_route=%2Fwp%2Fv2%2Ftags&post=1101"}],"curies":[{"name":"wp","href":"https:\/\/api.w.org\/{rel}","templated":true}]}}