{"id":11352,"date":"2024-09-26T17:04:30","date_gmt":"2024-09-26T17:04:30","guid":{"rendered":"http:\/\/avozdecambra.pt\/?p=11352"},"modified":"2024-09-26T18:12:36","modified_gmt":"2024-09-26T18:12:36","slug":"bel-portugal-investe-15-milhoes-de-euros-em-projeto-de-sustentabilidade-e-descarbonizacao-na-fabrica-de-vale-de-cambra","status":"publish","type":"post","link":"https:\/\/avozdecambra.pt\/?p=11352","title":{"rendered":"Bel Portugal investe 1,5 milh\u00f5es de euros em projeto de sustentabilidade e descarboniza\u00e7\u00e3o na f\u00e1brica de Vale de Cambra&nbsp;"},"content":{"rendered":"\n<p><strong>Com um investimento de 1,5 milh\u00f5es de euros, a instala\u00e7\u00e3o do sistema de Osmose Inversa \u201cEfici\u00eancia Energ\u00e9tica: 3 em 1\u201d permite uma tripla redu\u00e7\u00e3o: no consumo de g\u00e1s, \u00e1gua e nas emiss\u00f5es de gases com efeito de estufa. A inaugura\u00e7\u00e3o do projeto decorreu esta quarta-feira, na f\u00e1brica do Queijo Limiano&nbsp;em&nbsp;Vale de Cambra e contou com a presen\u00e7a do presidente da C\u00e2mara, Jos\u00e9 Pinheiro.&nbsp;<\/strong><\/p>\n\n\n\n<p>\u201cEste \u00e9 mais um passo importante na estrat\u00e9gia do grupo para a sustentabilidade das suas opera\u00e7\u00f5es, em particular para o&nbsp;plano de neutralidade carb\u00f3nica&nbsp;da totalidade da sua cadeia de valor, com que a Bel est\u00e1 comprometida at\u00e9 de 2050, em linha com o Acordo de Paris\u201d, referiu Tiago Serrano, Diretor Industrial da Bel Portugal, durante a apresenta\u00e7\u00e3o do projeto.&nbsp;<\/p>\n\n\n\n<p>Segundo o Diretor, trata-se de um projeto pioneiro no Grupo, criado com o objetivo de&nbsp;investir no futuro&nbsp;e definir&nbsp;novos padr\u00f5es de efici\u00eancia,&nbsp;que esperam replicar em outras f\u00e1bricas da Bel pelo mundo.&nbsp;<\/p>\n\n\n\n<p>A instala\u00e7\u00e3o de um sistema de osmose inversa refor\u00e7a assim o compromisso da empresa com a sustentabilidade e a descarboniza\u00e7\u00e3o.&nbsp;<\/p>\n\n\n\n<p>\u201cEsta iniciativa permitir\u00e1 n\u00e3o s\u00f3&nbsp;reduzir significativamente o nosso impacto ambiental, como tamb\u00e9m&nbsp;melhorar a efici\u00eancia operacional, mantendo-nos na&nbsp;vanguarda da ind\u00fastria alimentar\u201d, especificou.&nbsp;<\/p>\n\n\n\n<p>Trata-se de reutilizar a \u00e1gua para a limpeza das linhas de produ\u00e7\u00e3o, a torre de arrefecimento e o processo de Osmose Inversa, que vai permitir \u00e0 Bel Portugal&nbsp;alcan\u00e7ar uma redu\u00e7\u00e3o significativa nas emiss\u00f5es de CO2&nbsp;e uma&nbsp;maior efici\u00eancia h\u00eddrica.<\/p>\n\n\n\n<p>O projeto&nbsp;&#8220;Efici\u00eancia Energ\u00e9tica: 3 em 1&#8221;&nbsp;visa uma diminui\u00e7\u00e3o de&nbsp;29% no consumo total de g\u00e1s, equivalente a 8.036 MWh por ano; uma&nbsp;redu\u00e7\u00e3o entre 10% e 15% no consumo de \u00e1gua, com uma recupera\u00e7\u00e3o aproximada de 20.000 m\u00b3 de \u00e1gua por ano; e uma&nbsp;diminui\u00e7\u00e3o de 29% nas emiss\u00f5es de Emiss\u00f5es de Gases de Efeito Estufa, o que representa uma redu\u00e7\u00e3o aproximada de 1.900 toneladas de CO2 por ano.<\/p>\n\n\n\n<p>A Bel Portugal escolheu o&nbsp;Dia Nacional da Sustentabilidade, 25 de setembro, para anunciar o lan\u00e7amento do projeto, inserido no \u00e2mbito dos&nbsp;20 Anos da Bel Portugal, com o mote&nbsp;&#8220;Pioneiros de um Novo Amanh\u00e3&#8221;.&nbsp;<\/p>\n\n\n\n<p>O descerramento da placa de inaugura\u00e7\u00e3o foi feito por Tiago Serrano, Diretor Industrial e pelo Diretor de Impacto, Jos\u00e9 Brand\u00e3o, na presen\u00e7a dos colaboradores e parceiros da f\u00e1brica do Queijo Limiano&nbsp;em&nbsp;Vale de Cambra e do presidente da C\u00e2mara de Vale de Cambra, Jos\u00e9 Pinheiro.&nbsp;<\/p>\n\n\n\n<p>Com um&nbsp;investimento de 1,5 milh\u00f5es de euros, o projeto&nbsp;\u00e9 mais um passo na estrat\u00e9gia de descarboniza\u00e7\u00e3o da Bel Portugal, que est\u00e1 alinhada com os objetivos do Acordo de Paris e visa alcan\u00e7ar a neutralidade de carbono at\u00e9 2050.<\/p>\n\n\n\n<figure class=\"wp-block-image size-large\"><img loading=\"lazy\" decoding=\"async\" width=\"1024\" height=\"576\" src=\"http:\/\/avozdecambra.pt\/wp-content\/uploads\/2024\/09\/6666666-1024x576.jpg\" alt=\"\" class=\"wp-image-11353\" srcset=\"https:\/\/avozdecambra.pt\/wp-content\/uploads\/2024\/09\/6666666-1024x576.jpg 1024w, https:\/\/avozdecambra.pt\/wp-content\/uploads\/2024\/09\/6666666-300x169.jpg 300w, https:\/\/avozdecambra.pt\/wp-content\/uploads\/2024\/09\/6666666-768x432.jpg 768w, https:\/\/avozdecambra.pt\/wp-content\/uploads\/2024\/09\/6666666-150x84.jpg 150w, https:\/\/avozdecambra.pt\/wp-content\/uploads\/2024\/09\/6666666-450x253.jpg 450w, https:\/\/avozdecambra.pt\/wp-content\/uploads\/2024\/09\/6666666.jpg 1200w\" sizes=\"auto, (max-width: 1024px) 100vw, 1024px\" \/><\/figure>\n\n\n\n<figure class=\"wp-block-image size-large\"><img loading=\"lazy\" decoding=\"async\" width=\"1024\" height=\"576\" src=\"http:\/\/avozdecambra.pt\/wp-content\/uploads\/2024\/09\/5555555-1024x576.jpg\" alt=\"\" class=\"wp-image-11354\" srcset=\"https:\/\/avozdecambra.pt\/wp-content\/uploads\/2024\/09\/5555555-1024x576.jpg 1024w, https:\/\/avozdecambra.pt\/wp-content\/uploads\/2024\/09\/5555555-300x169.jpg 300w, https:\/\/avozdecambra.pt\/wp-content\/uploads\/2024\/09\/5555555-768x432.jpg 768w, https:\/\/avozdecambra.pt\/wp-content\/uploads\/2024\/09\/5555555-150x84.jpg 150w, https:\/\/avozdecambra.pt\/wp-content\/uploads\/2024\/09\/5555555-450x253.jpg 450w, https:\/\/avozdecambra.pt\/wp-content\/uploads\/2024\/09\/5555555.jpg 1200w\" sizes=\"auto, (max-width: 1024px) 100vw, 1024px\" \/><\/figure>\n\n\n\n<hr class=\"wp-block-separator has-alpha-channel-opacity\"\/>\n\n\n\n<p>Sobre a BEL<\/p>\n\n\n\n<p>A Bel Portugal (<a href=\"https:\/\/ses.prsts.de\/CL0\/https:%2F%2Fbelportugal.pt\/1\/010201922ef19e67-cfef5b07-3437-4595-a384-8b2149b2636c-000000\/jLAjQ3HPp4mJgm_K2dHev7DJFJcl-n7Z2Fs2LlBZOJU=372\">belportugal.pt<\/a>) \u00e9 uma empresa especialista em queijo, com marcas que fazem parte dos h\u00e1bitos alimentares dos portugueses h\u00e1 gera\u00e7\u00f5es. \u00c9 l\u00edder do mercado de queijo, detendo as duas maiores marcas: Terra Nostra (<a href=\"https:\/\/ses.prsts.de\/CL0\/https:%2F%2Fterra-nostra.pt\/1\/010201922ef19e67-cfef5b07-3437-4595-a384-8b2149b2636c-000000\/qbmWHluQz939xz0RiBE_oS9svnwie6SqujiqjkMwi8Q=372\">terra-nostra.pt<\/a>) e Limiano (<a href=\"https:\/\/ses.prsts.de\/CL0\/https:%2F%2Flimiano.pt\/1\/010201922ef19e67-cfef5b07-3437-4595-a384-8b2149b2636c-000000\/d9yJj9bfgcfl8sjKXncT26Fz6MwwlFfF56e4-as1BfE=372\">limiano.pt<\/a>) que lideram tamb\u00e9m o segmento flamengo. Lidera ainda o segmento de snacking de queijo com duas marcas \u00edcones mundiais: A Vaca que ri (<a href=\"https:\/\/ses.prsts.de\/CL0\/https:%2F%2Favacaqueri.pt\/1\/010201922ef19e67-cfef5b07-3437-4595-a384-8b2149b2636c-000000\/WFG3WHuEHDo0IM8HBm1ACwERd_sQp51mWuccqQQRAkk=372\">avacaqueri.pt<\/a>) e Babybel (<a href=\"http:\/\/babybel.pt\/\">babybel.pt<\/a>) e conta tamb\u00e9m com a conhecida marca GoGo squeeZ (<a href=\"https:\/\/ses.prsts.de\/CL0\/https:%2F%2Fgogosqueez.pt\/1\/010201922ef19e67-cfef5b07-3437-4595-a384-8b2149b2636c-000000\/yEDeVSKU7FitFO5VKQXdz7JFILdeMYlbp9aLcl4aXNk=372\">gogosqueez.pt<\/a>), completando o seu portf\u00f3lio de oferta de snacking saud\u00e1vel com saquetas de fruta. Com duas f\u00e1bricas em Portugal (A\u00e7ores e Vale de Cambra), a Bel tem uma forte presen\u00e7a nas comunidades locais e \u00e9 certificada como empresa familiarmente respons\u00e1vel desde 2015, tendo assumido o compromisso de neutralidade carb\u00f3nica na sua cadeia de valor (from farm to fork) at\u00e9 2050, em linha com o Acordo de Paris (limite aquecimento global +1.5\u00baC).<\/p>\n","protected":false},"excerpt":{"rendered":"<p>Com um investimento de 1,5 milh\u00f5es de euros, a instala\u00e7\u00e3o do sistema de Osmose Inversa \u201cEfici\u00eancia Energ\u00e9tica: 3 em 1\u201d permite uma tripla redu\u00e7\u00e3o: no consumo de g\u00e1s, \u00e1gua e nas emiss\u00f5es de gases com efeito de estufa. A inaugura\u00e7\u00e3o do projeto decorreu esta quarta-feira, na f\u00e1brica do Queijo Limiano&nbsp;em&nbsp;Vale de Cambra e contou com<\/p>\n","protected":false},"author":1,"featured_media":11355,"comment_status":"open","ping_status":"open","sticky":false,"template":"","format":"standard","meta":{"_monsterinsights_skip_tracking":false,"_monsterinsights_sitenote_active":false,"_monsterinsights_sitenote_note":"","_monsterinsights_sitenote_category":0,"footnotes":""},"categories":[1,20],"tags":[936,1032],"class_list":{"0":"post-11352","1":"post","2":"type-post","3":"status-publish","4":"format-standard","5":"has-post-thumbnail","7":"category-atual","8":"category-publireportagem","9":"tag-bel-portugal","10":"tag-sustentabilidade"},"aioseo_notices":[],"_links":{"self":[{"href":"https:\/\/avozdecambra.pt\/index.php?rest_route=\/wp\/v2\/posts\/11352","targetHints":{"allow":["GET"]}}],"collection":[{"href":"https:\/\/avozdecambra.pt\/index.php?rest_route=\/wp\/v2\/posts"}],"about":[{"href":"https:\/\/avozdecambra.pt\/index.php?rest_route=\/wp\/v2\/types\/post"}],"author":[{"embeddable":true,"href":"https:\/\/avozdecambra.pt\/index.php?rest_route=\/wp\/v2\/users\/1"}],"replies":[{"embeddable":true,"href":"https:\/\/avozdecambra.pt\/index.php?rest_route=%2Fwp%2Fv2%2Fcomments&post=11352"}],"version-history":[{"count":7,"href":"https:\/\/avozdecambra.pt\/index.php?rest_route=\/wp\/v2\/posts\/11352\/revisions"}],"predecessor-version":[{"id":11364,"href":"https:\/\/avozdecambra.pt\/index.php?rest_route=\/wp\/v2\/posts\/11352\/revisions\/11364"}],"wp:featuredmedia":[{"embeddable":true,"href":"https:\/\/avozdecambra.pt\/index.php?rest_route=\/wp\/v2\/media\/11355"}],"wp:attachment":[{"href":"https:\/\/avozdecambra.pt\/index.php?rest_route=%2Fwp%2Fv2%2Fmedia&parent=11352"}],"wp:term":[{"taxonomy":"category","embeddable":true,"href":"https:\/\/avozdecambra.pt\/index.php?rest_route=%2Fwp%2Fv2%2Fcategories&post=11352"},{"taxonomy":"post_tag","embeddable":true,"href":"https:\/\/avozdecambra.pt\/index.php?rest_route=%2Fwp%2Fv2%2Ftags&post=11352"}],"curies":[{"name":"wp","href":"https:\/\/api.w.org\/{rel}","templated":true}]}}