{"id":11769,"date":"2025-01-12T18:10:14","date_gmt":"2025-01-12T18:10:14","guid":{"rendered":"http:\/\/avozdecambra.pt\/?p=11769"},"modified":"2025-01-13T00:36:35","modified_gmt":"2025-01-13T00:36:35","slug":"municipio-de-vale-de-cambra-preve-submeter-candidatura-de-200-mil-euros-ao-portugal-2030-para-dotar-bombeiros-de-viatura-e-equipamentos","status":"publish","type":"post","link":"https:\/\/avozdecambra.pt\/?p=11769","title":{"rendered":"Munic\u00edpio de Vale de Cambra prev\u00ea submeter candidatura de 200 mil euros ao Portugal 2030 para dotar Bombeiros de viatura e equipamentos\u00a0"},"content":{"rendered":"\n<p><strong>\u201cVamos submeter uma candidatura a verbas do Portugal 2030, previstas para os concelhos, para dotar os bombeiros de Vale de cambra de mais uma viatura ligeira e 75 equipamentos de prote\u00e7\u00e3o individual, para que possam estar devidamente dotados e protegidos\u201d, revelou este s\u00e1bado, o presidente da C\u00e2mara de Vale de Cambra, nas comemora\u00e7\u00f5es dos 65 nos dos Bombeiros.&nbsp;<\/strong><\/p>\n\n\n\n<p><strong>Cristina Maria Santos&nbsp;<\/strong><\/p>\n\n\n\n<p>O munic\u00edpio de Vale de Cambra prev\u00ea submeter uma candidatura a apoios do Portugal 2030 para conceder \u00e0 Associa\u00e7\u00e3o de Bombeiros Volunt\u00e1rios de Vale de Cambra mais meios t\u00e9cnicos, num investimento de 200 mil euros.&nbsp;<\/p>\n\n\n\n<p>A informa\u00e7\u00e3o foi dada por Jos\u00e9 Pinheiro durante as comemora\u00e7\u00f5es dos 65 anos dos Bombeiros locais.\u00a0<\/p>\n\n\n\n<p>A verba foi cabimentada ao Munic\u00edpio de Vale de Cambra e acordada em reuni\u00e3o da \u00c1rea Metropolitana do Porto. <\/p>\n\n\n\n<p>O Portugal 2030 p\u00f5e em pr\u00e1tica o Acordo de Parceria entre Portugal e a Comiss\u00e3o Europeia para aplicar&nbsp;23 mil milh\u00f5es de euros dos fundos europeus em projetos que estimulem e desenvolvam a economia portuguesa, entre 2021 e 2027.<\/p>\n","protected":false},"excerpt":{"rendered":"<p>\u201cVamos submeter uma candidatura a verbas do Portugal 2030, previstas para os concelhos, para dotar os bombeiros de Vale de cambra de mais uma viatura ligeira e 75 equipamentos de prote\u00e7\u00e3o individual, para que possam estar devidamente dotados e protegidos\u201d, revelou este s\u00e1bado, o presidente da C\u00e2mara de Vale de Cambra, nas comemora\u00e7\u00f5es dos 65<\/p>\n","protected":false},"author":5,"featured_media":11770,"comment_status":"open","ping_status":"open","sticky":false,"template":"","format":"standard","meta":{"_monsterinsights_skip_tracking":false,"_monsterinsights_sitenote_active":false,"_monsterinsights_sitenote_note":"","_monsterinsights_sitenote_category":0,"footnotes":""},"categories":[1],"tags":[31,32],"class_list":{"0":"post-11769","1":"post","2":"type-post","3":"status-publish","4":"format-standard","5":"has-post-thumbnail","7":"category-atual","8":"tag-bombeiros-voluntarios-de-vale-de-cambra","9":"tag-camara-municipal-de-vale-de-cambra"},"aioseo_notices":[],"_links":{"self":[{"href":"https:\/\/avozdecambra.pt\/index.php?rest_route=\/wp\/v2\/posts\/11769","targetHints":{"allow":["GET"]}}],"collection":[{"href":"https:\/\/avozdecambra.pt\/index.php?rest_route=\/wp\/v2\/posts"}],"about":[{"href":"https:\/\/avozdecambra.pt\/index.php?rest_route=\/wp\/v2\/types\/post"}],"author":[{"embeddable":true,"href":"https:\/\/avozdecambra.pt\/index.php?rest_route=\/wp\/v2\/users\/5"}],"replies":[{"embeddable":true,"href":"https:\/\/avozdecambra.pt\/index.php?rest_route=%2Fwp%2Fv2%2Fcomments&post=11769"}],"version-history":[{"count":3,"href":"https:\/\/avozdecambra.pt\/index.php?rest_route=\/wp\/v2\/posts\/11769\/revisions"}],"predecessor-version":[{"id":11784,"href":"https:\/\/avozdecambra.pt\/index.php?rest_route=\/wp\/v2\/posts\/11769\/revisions\/11784"}],"wp:featuredmedia":[{"embeddable":true,"href":"https:\/\/avozdecambra.pt\/index.php?rest_route=\/wp\/v2\/media\/11770"}],"wp:attachment":[{"href":"https:\/\/avozdecambra.pt\/index.php?rest_route=%2Fwp%2Fv2%2Fmedia&parent=11769"}],"wp:term":[{"taxonomy":"category","embeddable":true,"href":"https:\/\/avozdecambra.pt\/index.php?rest_route=%2Fwp%2Fv2%2Fcategories&post=11769"},{"taxonomy":"post_tag","embeddable":true,"href":"https:\/\/avozdecambra.pt\/index.php?rest_route=%2Fwp%2Fv2%2Ftags&post=11769"}],"curies":[{"name":"wp","href":"https:\/\/api.w.org\/{rel}","templated":true}]}}