{"id":1270,"date":"2020-09-25T12:35:05","date_gmt":"2020-09-25T12:35:05","guid":{"rendered":"http:\/\/avozdecambra.pt\/?p=1270"},"modified":"2020-09-25T12:35:05","modified_gmt":"2020-09-25T12:35:05","slug":"regresso-a-aulas-rosalia-alves-podemos-ajudar-a-carregar-a-mochila-sem-censura-sem-ansiedade-sem-culpa","status":"publish","type":"post","link":"https:\/\/avozdecambra.pt\/?p=1270","title":{"rendered":"Regresso \u00e0 aulas. Ros\u00e1lia Alves: \u201cPodemos ajudar a carregar a mochila, sem censura, sem ansiedade, sem culpa\u201d"},"content":{"rendered":"\n<p>\u201cNeste ano letivo, carregamos mochilas cheias de tanto! Importa saber o nome do que por l\u00e1 vai&#8230;s\u00f3 assim podemos ajudar a carregar a mochila, sem censura, sem ansiedade, sem culpa! Mas tamb\u00e9m sem dar demasiada for\u00e7a a sentimentos que aprisionam, amedrontam e fazem parecer o mundo l\u00e1 fora demasiado perigoso para ser vivido. As nossas crian\u00e7as e jovens precisam que as suas mochilas encham as salas de aula e que as mesmas se abram \u00e0 vida e \u00e0 descoberta que s\u00f3 \u00e9 poss\u00edvel ser feita em grupo!\u201d&nbsp;<\/p>\n\n\n\n<p><em>Testemunho de Ros\u00e1lia Alves, psic\u00f3loga\u00a0<\/em><\/p>\n","protected":false},"excerpt":{"rendered":"<p>\u201cNeste ano letivo, carregamos mochilas cheias de tanto! Importa saber o nome do que por l\u00e1 vai&#8230;s\u00f3 assim podemos ajudar a carregar a mochila, sem censura, sem ansiedade, sem culpa! Mas tamb\u00e9m sem dar demasiada for\u00e7a a sentimentos que aprisionam, amedrontam e fazem parecer o mundo l\u00e1 fora demasiado perigoso para ser vivido. As nossas<\/p>\n","protected":false},"author":1,"featured_media":1271,"comment_status":"open","ping_status":"open","sticky":false,"template":"","format":"standard","meta":{"_monsterinsights_skip_tracking":false,"_monsterinsights_sitenote_active":false,"_monsterinsights_sitenote_note":"","_monsterinsights_sitenote_category":0,"footnotes":""},"categories":[2],"tags":[188,10,185,187],"class_list":{"0":"post-1270","1":"post","2":"type-post","3":"status-publish","4":"format-standard","5":"has-post-thumbnail","7":"category-foco","8":"tag-188","9":"tag-covid-19","10":"tag-regresso-as-aulas-2020-21","11":"tag-setembro"},"aioseo_notices":[],"_links":{"self":[{"href":"https:\/\/avozdecambra.pt\/index.php?rest_route=\/wp\/v2\/posts\/1270","targetHints":{"allow":["GET"]}}],"collection":[{"href":"https:\/\/avozdecambra.pt\/index.php?rest_route=\/wp\/v2\/posts"}],"about":[{"href":"https:\/\/avozdecambra.pt\/index.php?rest_route=\/wp\/v2\/types\/post"}],"author":[{"embeddable":true,"href":"https:\/\/avozdecambra.pt\/index.php?rest_route=\/wp\/v2\/users\/1"}],"replies":[{"embeddable":true,"href":"https:\/\/avozdecambra.pt\/index.php?rest_route=%2Fwp%2Fv2%2Fcomments&post=1270"}],"version-history":[{"count":1,"href":"https:\/\/avozdecambra.pt\/index.php?rest_route=\/wp\/v2\/posts\/1270\/revisions"}],"predecessor-version":[{"id":1272,"href":"https:\/\/avozdecambra.pt\/index.php?rest_route=\/wp\/v2\/posts\/1270\/revisions\/1272"}],"wp:featuredmedia":[{"embeddable":true,"href":"https:\/\/avozdecambra.pt\/index.php?rest_route=\/wp\/v2\/media\/1271"}],"wp:attachment":[{"href":"https:\/\/avozdecambra.pt\/index.php?rest_route=%2Fwp%2Fv2%2Fmedia&parent=1270"}],"wp:term":[{"taxonomy":"category","embeddable":true,"href":"https:\/\/avozdecambra.pt\/index.php?rest_route=%2Fwp%2Fv2%2Fcategories&post=1270"},{"taxonomy":"post_tag","embeddable":true,"href":"https:\/\/avozdecambra.pt\/index.php?rest_route=%2Fwp%2Fv2%2Ftags&post=1270"}],"curies":[{"name":"wp","href":"https:\/\/api.w.org\/{rel}","templated":true}]}}