{"id":13002,"date":"2025-07-31T09:08:00","date_gmt":"2025-07-31T09:08:00","guid":{"rendered":"http:\/\/avozdecambra.pt\/?p=13002"},"modified":"2025-09-03T09:09:52","modified_gmt":"2025-09-03T09:09:52","slug":"tiago-fernandes-ter-uma-opiniao-diferente-nao-e-ser-do-contra-e-simplesmente-ver-o-problema-de-outra-perspetiva-2","status":"publish","type":"post","link":"https:\/\/avozdecambra.pt\/?p=13002","title":{"rendered":"Tiago Fernandes: \u201cTer uma opini\u00e3o diferente n\u00e3o \u00e9 ser do contra, \u00e9 simplesmente ver o problema de outra perspetiva\u201d"},"content":{"rendered":"\n<p><strong>Durante quatro anos, tem servido Vale de Cambra enquanto vereador da C\u00e2mara de Vale de Cambra, num projeto independente \u201cTodos por Vale de Cambra&#8221;, apoiado pelo PS que, pela primeira vez, foi segunda for\u00e7a pol\u00edtica no concelho. <\/strong><\/p>\n\n\n\n<p><strong>Uma mudan\u00e7a que Tiago Fernandes quer continuar a ver no futuro, apesar de ter resolvido n\u00e3o voltar a candidatar-se \u00e0s pr\u00f3ximas elei\u00e7\u00f5es aut\u00e1rquicas, por motivos profissionais. <\/strong><\/p>\n\n\n\n<p><strong>Refere que o papel de vereador da oposi\u00e7\u00e3o \u00e9 \u201cingrato\u201d, mas faz um balan\u00e7o positivo do mandato e considera ter sido o membro do executivo \u201cmais presente e mais participativo\u201d. <\/strong><\/p>\n\n\n\n<p><strong>Em entrevista ao Voz de Cambra, o vereador lamenta, aquilo que diz ter sido a \u201caus\u00eancia de decis\u00f5es estrat\u00e9gicas do CDS-PP\u201d e considera urgente, um executivo que tenha uma \u201cvis\u00e3o clara para Vale de Cambra e que a execute\u201d.&nbsp;<\/strong><\/p>\n\n\n\n<p><strong>Cristina Maria Santos <\/strong><\/p>\n\n\n\n<hr class=\"wp-block-separator has-alpha-channel-opacity\"\/>\n\n\n\n<p><em>Leia a entrevista na integra na edi\u00e7\u00e3o 1109 do jornal impresso Voz de Cambra!<\/em><\/p>\n","protected":false},"excerpt":{"rendered":"<p>Durante quatro anos, tem servido Vale de Cambra enquanto vereador da C\u00e2mara de Vale de Cambra, num projeto independente \u201cTodos por Vale de Cambra&#8221;, apoiado pelo PS que, pela primeira vez, foi segunda for\u00e7a pol\u00edtica no concelho. Uma mudan\u00e7a que Tiago Fernandes quer continuar a ver no futuro, apesar de ter resolvido n\u00e3o voltar a<\/p>\n","protected":false},"author":5,"featured_media":13001,"comment_status":"open","ping_status":"open","sticky":false,"template":"","format":"standard","meta":{"_monsterinsights_skip_tracking":false,"_monsterinsights_sitenote_active":false,"_monsterinsights_sitenote_note":"","_monsterinsights_sitenote_category":0,"footnotes":""},"categories":[3],"tags":[232,43],"class_list":{"0":"post-13002","1":"post","2":"type-post","3":"status-publish","4":"format-standard","5":"has-post-thumbnail","7":"category-entrevista","8":"tag-ps","9":"tag-tiago-fernandes"},"aioseo_notices":[],"_links":{"self":[{"href":"https:\/\/avozdecambra.pt\/index.php?rest_route=\/wp\/v2\/posts\/13002","targetHints":{"allow":["GET"]}}],"collection":[{"href":"https:\/\/avozdecambra.pt\/index.php?rest_route=\/wp\/v2\/posts"}],"about":[{"href":"https:\/\/avozdecambra.pt\/index.php?rest_route=\/wp\/v2\/types\/post"}],"author":[{"embeddable":true,"href":"https:\/\/avozdecambra.pt\/index.php?rest_route=\/wp\/v2\/users\/5"}],"replies":[{"embeddable":true,"href":"https:\/\/avozdecambra.pt\/index.php?rest_route=%2Fwp%2Fv2%2Fcomments&post=13002"}],"version-history":[{"count":1,"href":"https:\/\/avozdecambra.pt\/index.php?rest_route=\/wp\/v2\/posts\/13002\/revisions"}],"predecessor-version":[{"id":13003,"href":"https:\/\/avozdecambra.pt\/index.php?rest_route=\/wp\/v2\/posts\/13002\/revisions\/13003"}],"wp:featuredmedia":[{"embeddable":true,"href":"https:\/\/avozdecambra.pt\/index.php?rest_route=\/wp\/v2\/media\/13001"}],"wp:attachment":[{"href":"https:\/\/avozdecambra.pt\/index.php?rest_route=%2Fwp%2Fv2%2Fmedia&parent=13002"}],"wp:term":[{"taxonomy":"category","embeddable":true,"href":"https:\/\/avozdecambra.pt\/index.php?rest_route=%2Fwp%2Fv2%2Fcategories&post=13002"},{"taxonomy":"post_tag","embeddable":true,"href":"https:\/\/avozdecambra.pt\/index.php?rest_route=%2Fwp%2Fv2%2Ftags&post=13002"}],"curies":[{"name":"wp","href":"https:\/\/api.w.org\/{rel}","templated":true}]}}