{"id":13244,"date":"2025-10-13T07:14:52","date_gmt":"2025-10-13T07:14:52","guid":{"rendered":"http:\/\/avozdecambra.pt\/?p=13244"},"modified":"2025-10-13T07:17:33","modified_gmt":"2025-10-13T07:17:33","slug":"andre-martins-da-silva-cds-pp-e-o-novo-presidente-da-camara-de-vale-de-cambra","status":"publish","type":"post","link":"https:\/\/avozdecambra.pt\/?p=13244","title":{"rendered":"<strong>Andr\u00e9 Martins da Silva (CDS-PP) \u00e9 o novo presidente da C\u00e2mara de Vale de Cambra&nbsp;<\/strong>"},"content":{"rendered":"\n<p><strong>Andr\u00e9 Martins da Silva, que foi eleito presidente da C\u00e2mara de Vale de Cambra, pelo CDS-PP, assumiu vontade de \u201ctrabalhar por Vale de Cambra\u201d e disse que pretende contar com a colabora\u00e7\u00e3o da oposi\u00e7\u00e3o para desenvolver o concelho.&nbsp;<\/strong><\/p>\n\n\n\n<p><strong>Cristina Maria Santos<\/strong><\/p>\n\n\n\n<p>Em declara\u00e7\u00f5es ao Voz de Cambra, o cabe\u00e7a de lista do CDS-PP \u00e0s elei\u00e7\u00f5es aut\u00e1rquicas, revelou estar numa \u201cfelicidade \u00fanica e gigantesca\u201d pela vit\u00f3ria, por considerar que o partido \u201ctrabalhou muito para que isso acontecesse\u201d, durante os \u00faltimos 12 anos.&nbsp;<\/p>\n\n\n\n<p>Mas esta \u00e9 uma \u201cvit\u00f3ria agridoce\u201d, revelou Andr\u00e9 Martins da Silva, por terem perdido a Assembleia Municipal e quatro das sete juntas de freguesia.&nbsp;<\/p>\n\n\n\n<p>Apesar de n\u00e3o terem obtido os resultados pretendidos, o eleito presidente da C\u00e2mara deixa uma mensagem de esperan\u00e7a e certezas.<\/p>\n\n\n\n<p>\u201cVamos fazer de tudo para que, daqui a quatro anos, ganharmos com maioria absoluta na C\u00e2mara, recuperarmos a Assembleia e vencermos nas sete freguesias\u201d, frisou.&nbsp;<\/p>\n\n\n\n<p>Ainda assim, Andr\u00e9 Martins da Silva promete \u201ctrabalhar por Vale de Cambra\u201d, independentemente das cores pol\u00edticas que com ele v\u00e3o estar no executivo.&nbsp;<\/p>\n\n\n\n<p>\u201cA partir do dia da tomada de posse, estaremos todos na mesma dire\u00e7\u00e3o, independentemente dos partidos, direcionados para desenvolver e tentar fazer o melhor por Vale de Cambra\u201d, sublinhou.&nbsp;<\/p>\n\n\n\n<hr class=\"wp-block-separator has-alpha-channel-opacity\"\/>\n\n\n\n<p>Andr\u00e9 Martins da Silva tem 42 anos, \u00e9 licenciado em Ensino B\u00e1sico, variante Educa\u00e7\u00e3o F\u00edsica e P\u00f3s-Graduado em coordena\u00e7\u00e3o t\u00e9cnica de academias desportivas\/futebol; foi professor de Educa\u00e7\u00e3o F\u00edsica no ensino p\u00fablico de 2006 a 2017 e no ano letivo 2020-2021;&nbsp; Entre 2005 e 2017 desempenhou fun\u00e7\u00f5es de diretor t\u00e9cnico de gin\u00e1sios, coordenador de campos de f\u00e9rias e professor de nata\u00e7\u00e3o.&nbsp;<\/p>\n\n\n\n<p>Com especializa\u00e7\u00e3o na \u00e1rea desportiva, mais especificamente na modalidade de Futebol na vertente de alto rendimento, foi treinador e coordenador t\u00e9cnico de v\u00e1rios clubes nacionais, entre eles a Associa\u00e7\u00e3o Desportiva Valecambrense (ADV), tendo entre 2017 e 2020 exercido fun\u00e7\u00f5es no estrangeiro (China), como coordenador t\u00e9cnico.<\/p>\n\n\n\n<p>Atualmente e, desde 2021, assume fun\u00e7\u00f5es de vereador na C\u00e2mara de Vale de Cambra e tem a seu cargo pelouros como a&nbsp; Juventude, Desporto e Tempos Livres; Associativismo; Com\u00e9rcio Mercados e Feiras, entre outros.<\/p>\n","protected":false},"excerpt":{"rendered":"<p>Andr\u00e9 Martins da Silva, que foi eleito presidente da C\u00e2mara de Vale de Cambra, pelo CDS-PP, assumiu vontade de \u201ctrabalhar por Vale de Cambra\u201d e disse que pretende contar com a colabora\u00e7\u00e3o da oposi\u00e7\u00e3o para desenvolver o concelho.&nbsp; Cristina Maria Santos Em declara\u00e7\u00f5es ao Voz de Cambra, o cabe\u00e7a de lista do CDS-PP \u00e0s elei\u00e7\u00f5es<\/p>\n","protected":false},"author":5,"featured_media":13245,"comment_status":"open","ping_status":"open","sticky":false,"template":"","format":"standard","meta":{"_monsterinsights_skip_tracking":false,"_monsterinsights_sitenote_active":false,"_monsterinsights_sitenote_note":"","_monsterinsights_sitenote_category":0,"footnotes":""},"categories":[1,1086],"tags":[1120,1121,344],"class_list":{"0":"post-13244","1":"post","2":"type-post","3":"status-publish","4":"format-standard","5":"has-post-thumbnail","7":"category-atual","8":"category-autarquicas-2025-2","9":"tag-andre-martins-da-silva","10":"tag-autarquicas-2025","11":"tag-cds-pp-2"},"aioseo_notices":[],"_links":{"self":[{"href":"https:\/\/avozdecambra.pt\/index.php?rest_route=\/wp\/v2\/posts\/13244","targetHints":{"allow":["GET"]}}],"collection":[{"href":"https:\/\/avozdecambra.pt\/index.php?rest_route=\/wp\/v2\/posts"}],"about":[{"href":"https:\/\/avozdecambra.pt\/index.php?rest_route=\/wp\/v2\/types\/post"}],"author":[{"embeddable":true,"href":"https:\/\/avozdecambra.pt\/index.php?rest_route=\/wp\/v2\/users\/5"}],"replies":[{"embeddable":true,"href":"https:\/\/avozdecambra.pt\/index.php?rest_route=%2Fwp%2Fv2%2Fcomments&post=13244"}],"version-history":[{"count":3,"href":"https:\/\/avozdecambra.pt\/index.php?rest_route=\/wp\/v2\/posts\/13244\/revisions"}],"predecessor-version":[{"id":13248,"href":"https:\/\/avozdecambra.pt\/index.php?rest_route=\/wp\/v2\/posts\/13244\/revisions\/13248"}],"wp:featuredmedia":[{"embeddable":true,"href":"https:\/\/avozdecambra.pt\/index.php?rest_route=\/wp\/v2\/media\/13245"}],"wp:attachment":[{"href":"https:\/\/avozdecambra.pt\/index.php?rest_route=%2Fwp%2Fv2%2Fmedia&parent=13244"}],"wp:term":[{"taxonomy":"category","embeddable":true,"href":"https:\/\/avozdecambra.pt\/index.php?rest_route=%2Fwp%2Fv2%2Fcategories&post=13244"},{"taxonomy":"post_tag","embeddable":true,"href":"https:\/\/avozdecambra.pt\/index.php?rest_route=%2Fwp%2Fv2%2Ftags&post=13244"}],"curies":[{"name":"wp","href":"https:\/\/api.w.org\/{rel}","templated":true}]}}