{"id":13261,"date":"2025-10-13T10:22:23","date_gmt":"2025-10-13T10:22:23","guid":{"rendered":"http:\/\/avozdecambra.pt\/?p=13261"},"modified":"2025-10-13T10:37:46","modified_gmt":"2025-10-13T10:37:46","slug":"autarquicas-cds-pp-vence-com-ligeira-vantagem-face-a-psd-em-vale-de-cambra","status":"publish","type":"post","link":"https:\/\/avozdecambra.pt\/?p=13261","title":{"rendered":"AUT\u00c1RQUICAS. CDS-PP vence com ligeira vantagem face a PSD em Vale de Cambra"},"content":{"rendered":"\n<p>CDS-PP venceu estas elei\u00e7\u00f5es com 38,54% dos votos. Uma ligeira vantagem para Andr\u00e9 Martins da Silva, que foi eleito presidente da C\u00e2mara de Vale de Cambra face aos 36,55% de votos do PSD. <\/p>\n\n\n\n<p>O CDS-PP perdeu a maioria na C\u00e2mara de Vale de Cambra (conquistada em 2013), perdeu ainda a Assembleia Municipal, com 36,39% dos votos, menos 1,3% dos votos conquistados pelo PSD (37,69%). Jos\u00e9 Pinheiro, atual presidente da C\u00e2mara, que est\u00e1 em fim de mandato, n\u00e3o foi eleito presidente da Assembleia Municipal, dando lugar a Adriana Rodrigues do PSD.  <\/p>\n\n\n\n<p>O CDS-PP elegeu tr\u00eas vereadores, oito deputados municipais, perdeu as freguesias de Ar\u00f5es, Junqueira, Cepelos e R\u00f4ge para o PSD e manteve S. Pedro de Castel\u00f5es, com maioria absoluta e a Uni\u00e3o de Freguesias de Vila Ch\u00e3, Codal e Vila Cova de Perrinho, aqui sem maioria.&nbsp;<\/p>\n\n\n\n<p>O PSD conseguiu mais 3.191 votos face a 2021. N\u00e3o elegeu o cabe\u00e7a de lista para a Autarquia, Miguel Aguiar Soares, ficando o Partido representado por tr\u00eas vereadores (o mesmo n\u00famero que o CDS). Elegeu a candidata \u00e0 Assembleia Municipal e conquistou quatro das sete freguesias do concelho. <\/p>\n\n\n\n<p>O PS foi a terceira for\u00e7a pol\u00edtica mais votada, com 11,85% dos votos, mantendo um vereador, dois membros para a Assembleia Municipal e manteve a junta de freguesia de Macieira de Cambra, com maioria absoluta.  <\/p>\n\n\n\n<p>9,49% dos valecambrenses votaram no Chega (mais 1.135 votos do que em 2021), conseguindo este eleger dois membros para a Assembleia Municipal. Nas Assembleias de Freguesia, o Partido apenas ficar\u00e1 representado com um membro na Uni\u00e3o de Freguesias de Vila Ch\u00e3, Codal e Vila Cova de Perrinho.<\/p>\n\n\n\n<p>A CDU obteve 0,88% (menos 40 votos) dos valecambrenses, n\u00e3o ficando o Partido representado, nem na C\u00e2mara, nem Assembleia, nem freguesias. <\/p>\n\n\n\n<p>Em atualiza\u00e7\u00e3o&#8230;<\/p>\n","protected":false},"excerpt":{"rendered":"<p>CDS-PP venceu estas elei\u00e7\u00f5es com 38,54% dos votos. Uma ligeira vantagem para Andr\u00e9 Martins da Silva, que foi eleito presidente da C\u00e2mara de Vale de Cambra face aos 36,55% de votos do PSD. O CDS-PP perdeu a maioria na C\u00e2mara de Vale de Cambra (conquistada em 2013), perdeu ainda a Assembleia Municipal, com 36,39% dos<\/p>\n","protected":false},"author":5,"featured_media":13265,"comment_status":"open","ping_status":"open","sticky":false,"template":"","format":"standard","meta":{"_monsterinsights_skip_tracking":false,"_monsterinsights_sitenote_active":false,"_monsterinsights_sitenote_note":"","_monsterinsights_sitenote_category":0,"footnotes":""},"categories":[1085],"tags":[],"class_list":{"0":"post-13261","1":"post","2":"type-post","3":"status-publish","4":"format-standard","5":"has-post-thumbnail","7":"category-autarquicas-2025"},"aioseo_notices":[],"_links":{"self":[{"href":"https:\/\/avozdecambra.pt\/index.php?rest_route=\/wp\/v2\/posts\/13261","targetHints":{"allow":["GET"]}}],"collection":[{"href":"https:\/\/avozdecambra.pt\/index.php?rest_route=\/wp\/v2\/posts"}],"about":[{"href":"https:\/\/avozdecambra.pt\/index.php?rest_route=\/wp\/v2\/types\/post"}],"author":[{"embeddable":true,"href":"https:\/\/avozdecambra.pt\/index.php?rest_route=\/wp\/v2\/users\/5"}],"replies":[{"embeddable":true,"href":"https:\/\/avozdecambra.pt\/index.php?rest_route=%2Fwp%2Fv2%2Fcomments&post=13261"}],"version-history":[{"count":1,"href":"https:\/\/avozdecambra.pt\/index.php?rest_route=\/wp\/v2\/posts\/13261\/revisions"}],"predecessor-version":[{"id":13263,"href":"https:\/\/avozdecambra.pt\/index.php?rest_route=\/wp\/v2\/posts\/13261\/revisions\/13263"}],"wp:featuredmedia":[{"embeddable":true,"href":"https:\/\/avozdecambra.pt\/index.php?rest_route=\/wp\/v2\/media\/13265"}],"wp:attachment":[{"href":"https:\/\/avozdecambra.pt\/index.php?rest_route=%2Fwp%2Fv2%2Fmedia&parent=13261"}],"wp:term":[{"taxonomy":"category","embeddable":true,"href":"https:\/\/avozdecambra.pt\/index.php?rest_route=%2Fwp%2Fv2%2Fcategories&post=13261"},{"taxonomy":"post_tag","embeddable":true,"href":"https:\/\/avozdecambra.pt\/index.php?rest_route=%2Fwp%2Fv2%2Ftags&post=13261"}],"curies":[{"name":"wp","href":"https:\/\/api.w.org\/{rel}","templated":true}]}}