{"id":13337,"date":"2025-10-22T20:49:50","date_gmt":"2025-10-22T20:49:50","guid":{"rendered":"http:\/\/avozdecambra.pt\/?p=13337"},"modified":"2025-10-22T20:50:19","modified_gmt":"2025-10-22T20:50:19","slug":"rua-do-martir-volta-a-receber-noite-de-halloween-com-animacao-e-gastronomia-2","status":"publish","type":"post","link":"https:\/\/avozdecambra.pt\/?p=13337","title":{"rendered":"Rua do M\u00e1rtir volta a receber noite de Halloween com anima\u00e7\u00e3o e gastronomia"},"content":{"rendered":"\n<p><strong>A Rua do M\u00e1rtir, em S. Pedro de Castel\u00f5es volta a viver a \u201cnoite mais assustadora do ano\u201d, evento que celebra o Halloween e que tem vindo a conquistar mi\u00fados e gra\u00fados, com anima\u00e7\u00e3o e gastronomia. O evento acontece no dia 31 de outubro, no lugar de M\u00e1rtir, em S. Pedro de Castel\u00f5es e conta com o envolvimento das associa\u00e7\u00f5es locais.<\/strong><\/p>\n\n\n\n<p><strong>Cristina Maria Santos&nbsp;<\/strong><\/p>\n\n\n\n<p>Ap\u00f3s o \u00eaxito das edi\u00e7\u00f5es anteriores, a noite de Halloween est\u00e1 de volta ao M\u00e1rtir. Ao anoitecer de sexta-feira, dia 31 de outubro, a Rua do M\u00e1rtir junta ao ambiente de terror muita m\u00fasica, anima\u00e7\u00e3o e comes e bebes.<\/p>\n\n\n\n<p>O evento vai decorrer, como habitualmente na Rua do M\u00e1rtir, com muita anima\u00e7\u00e3o de rua, ilumina\u00e7\u00e3o e decora\u00e7\u00e3o e a festa estende-se pelo lugar, onde a participa\u00e7\u00e3o de associa\u00e7\u00f5es da freguesia tem um papel principal.&nbsp;<\/p>\n\n\n\n<p>A programa\u00e7\u00e3o conta com atua\u00e7\u00f5es de dan\u00e7a, teatro de rua e percuss\u00e3o, m\u00fasica, mas tamb\u00e9m, com o habitual \u201cGang das motorizadas\u201d.<\/p>\n\n\n\n<p>As associa\u00e7\u00f5es locais juntam-se ao evento, para tamb\u00e9m assegurarem a gastronomia, com \u201ccomidas de arrepiar e bebidas de encantar\u201d.&nbsp;<\/p>\n\n\n\n<p>O evento \u00e9 organizado pela Comiss\u00e3o de Moradores e Solidariedade do Lugar do M\u00e1rtir S\u00e3o Sebasti\u00e3o, que conta com&nbsp;o apoio da junta de freguesia de S. Pedro de Castel\u00f5es e da C\u00e2mara de Vale de Cambra.&nbsp;<\/p>\n\n\n\n<p>A organiza\u00e7\u00e3o continua a fazer os pr\u00f3prios disfarces, a decorar as fachadas das casas e ruas e a promover uma festa que, tal como tem vindo a acontecer ano ap\u00f3s ano, junta centenas de pessoas.&nbsp;<\/p>\n\n\n\n<p>A Comiss\u00e3o aproveita para fazer um convite \u00e0 popula\u00e7\u00e3o: \u201cVenha mascarado e traga a boa disposi\u00e7\u00e3o. A noite promete ser de sustos, gargalhadas e muita festa, num cen\u00e1rio de terror\u201d.&nbsp;<\/p>\n\n\n\n<figure class=\"wp-block-image size-large\"><img loading=\"lazy\" decoding=\"async\" width=\"723\" height=\"1024\" src=\"http:\/\/avozdecambra.pt\/wp-content\/uploads\/2025\/10\/pag-14-723x1024.jpg\" alt=\"\" class=\"wp-image-13338\" srcset=\"https:\/\/avozdecambra.pt\/wp-content\/uploads\/2025\/10\/pag-14-723x1024.jpg 723w, https:\/\/avozdecambra.pt\/wp-content\/uploads\/2025\/10\/pag-14-212x300.jpg 212w, https:\/\/avozdecambra.pt\/wp-content\/uploads\/2025\/10\/pag-14-768x1087.jpg 768w, https:\/\/avozdecambra.pt\/wp-content\/uploads\/2025\/10\/pag-14-1085x1536.jpg 1085w, https:\/\/avozdecambra.pt\/wp-content\/uploads\/2025\/10\/pag-14-150x212.jpg 150w, https:\/\/avozdecambra.pt\/wp-content\/uploads\/2025\/10\/pag-14-450x637.jpg 450w, https:\/\/avozdecambra.pt\/wp-content\/uploads\/2025\/10\/pag-14.jpg 1130w\" sizes=\"auto, (max-width: 723px) 100vw, 723px\" \/><\/figure>\n","protected":false},"excerpt":{"rendered":"<p>A Rua do M\u00e1rtir, em S. Pedro de Castel\u00f5es volta a viver a \u201cnoite mais assustadora do ano\u201d, evento que celebra o Halloween e que tem vindo a conquistar mi\u00fados e gra\u00fados, com anima\u00e7\u00e3o e gastronomia. O evento acontece no dia 31 de outubro, no lugar de M\u00e1rtir, em S. Pedro de Castel\u00f5es e conta<\/p>\n","protected":false},"author":5,"featured_media":13327,"comment_status":"open","ping_status":"open","sticky":false,"template":"","format":"standard","meta":{"_monsterinsights_skip_tracking":false,"_monsterinsights_sitenote_active":false,"_monsterinsights_sitenote_note":"","_monsterinsights_sitenote_category":0,"footnotes":""},"categories":[585,1],"tags":[],"class_list":{"0":"post-13337","1":"post","2":"type-post","3":"status-publish","4":"format-standard","5":"has-post-thumbnail","7":"category-agenda","8":"category-atual"},"aioseo_notices":[],"_links":{"self":[{"href":"https:\/\/avozdecambra.pt\/index.php?rest_route=\/wp\/v2\/posts\/13337","targetHints":{"allow":["GET"]}}],"collection":[{"href":"https:\/\/avozdecambra.pt\/index.php?rest_route=\/wp\/v2\/posts"}],"about":[{"href":"https:\/\/avozdecambra.pt\/index.php?rest_route=\/wp\/v2\/types\/post"}],"author":[{"embeddable":true,"href":"https:\/\/avozdecambra.pt\/index.php?rest_route=\/wp\/v2\/users\/5"}],"replies":[{"embeddable":true,"href":"https:\/\/avozdecambra.pt\/index.php?rest_route=%2Fwp%2Fv2%2Fcomments&post=13337"}],"version-history":[{"count":1,"href":"https:\/\/avozdecambra.pt\/index.php?rest_route=\/wp\/v2\/posts\/13337\/revisions"}],"predecessor-version":[{"id":13339,"href":"https:\/\/avozdecambra.pt\/index.php?rest_route=\/wp\/v2\/posts\/13337\/revisions\/13339"}],"wp:featuredmedia":[{"embeddable":true,"href":"https:\/\/avozdecambra.pt\/index.php?rest_route=\/wp\/v2\/media\/13327"}],"wp:attachment":[{"href":"https:\/\/avozdecambra.pt\/index.php?rest_route=%2Fwp%2Fv2%2Fmedia&parent=13337"}],"wp:term":[{"taxonomy":"category","embeddable":true,"href":"https:\/\/avozdecambra.pt\/index.php?rest_route=%2Fwp%2Fv2%2Fcategories&post=13337"},{"taxonomy":"post_tag","embeddable":true,"href":"https:\/\/avozdecambra.pt\/index.php?rest_route=%2Fwp%2Fv2%2Ftags&post=13337"}],"curies":[{"name":"wp","href":"https:\/\/api.w.org\/{rel}","templated":true}]}}