{"id":13340,"date":"2025-10-26T15:27:58","date_gmt":"2025-10-26T15:27:58","guid":{"rendered":"http:\/\/avozdecambra.pt\/?p=13340"},"modified":"2025-10-26T15:27:58","modified_gmt":"2025-10-26T15:27:58","slug":"colaboradores-da-inocambra-tornam-se-acionistas-da-empresa","status":"publish","type":"post","link":"https:\/\/avozdecambra.pt\/?p=13340","title":{"rendered":"Colaboradores da INOCAMBRA tornam-se acionistas da empresa\u00a0"},"content":{"rendered":"\n<p><strong>Os colaboradores da Inocambra tornaram-se acionistas da empresa que atua na ind\u00fastria metalomec\u00e2nica h\u00e1 mais de 20 anos atrav\u00e9s do programa \u201cSomos Acionistas\u201d. A medida atribui a cada colaborador com mais de cinco anos de casa a\u00e7\u00f5es preferenciais, sem custo, equivalentes a 50% do sal\u00e1rio base anual. Uma iniciativa pioneira da empresa sediada em Vale de Cambra, que transforma os colaboradores em co-propriet\u00e1rios da organiza\u00e7\u00e3o.&nbsp;<\/strong><\/p>\n\n\n\n<p><strong>Cristina Maria Santos&nbsp;<\/strong><\/p>\n\n\n\n<p>Cada um dos mais de 100 trabalhadores passa a ser parte integrante do futuro da organiza\u00e7\u00e3o, beneficiando do seu crescimento e do valor que ajuda a criar.<\/p>\n\n\n\n<p><br>Para o Fundador e Administrador da Inocambra, Ant\u00f3nio Augusto Soares da Silva, esta iniciativa estabelece uma forte liga\u00e7\u00e3o entre a empresa e os seus trabalhadores, n\u00e3o s\u00f3 porque cria um objetivo comum entre todos, mas tamb\u00e9m porque passam, eles pr\u00f3prios, a ser acionistas e a beneficiar direta e indiretamente do sucesso do projeto.<\/p>\n\n\n\n<p><br>Gon\u00e7alo de Mello, Partner da Menlo Capital e Administrador da Inocambra entrou no capital da empresa em final de julho, com uma participa\u00e7\u00e3o de 50% e entende que esta medida pretende colocar os seus colaboradores no centro das suas prioridades, n\u00e3o s\u00f3 no plano operacional, mas tamb\u00e9m no plano financeiro e de neg\u00f3cio.\u00a0<\/p>\n\n\n\n<p><em>Leia a not\u00edcia na integra e com declara\u00e7\u00f5es dos seus colaboradores, na edi\u00e7\u00e3o impressa n.\u00ba 1111 do jornal Voz de Cambra!<\/em><\/p>\n\n\n\n<hr class=\"wp-block-separator has-alpha-channel-opacity\"\/>\n\n\n\n<p><strong>Empresa prev\u00ea alcan\u00e7ar 11,5 milh\u00f5es de euros em 2025<\/strong>&nbsp;<\/p>\n\n\n\n<p>A Inocambra tem sede em Vale de Cambra, \u00e9 especializada em constru\u00e7\u00f5es met\u00e1licas complexas e personalizadas h\u00e1 mais de duas d\u00e9cadas e atingiu uma fatura\u00e7\u00e3o de 10,5 milh\u00f5es de euros em 2024, prevendo alcan\u00e7ar 11,5 milh\u00f5es de euros em 2025, representando um crescimento de cerca de 10%. Desenvolve a sua atividade na ind\u00fastria metalomec\u00e2nica, oferecendo solu\u00e7\u00f5es completas e integradas para projetos de elevada exig\u00eancia t\u00e9cnica. Entre as principais \u00e1reas de especializa\u00e7\u00e3o destacam-se as estruturas met\u00e1licas em a\u00e7o carbono e inox, que incluem projeto, fabrico, transforma\u00e7\u00e3o e montagem para sectores como Aeron\u00e1utica, Ind\u00fastrias Alimentares e Farmac\u00eautica, e Constru\u00e7\u00e3o Civil.&nbsp;<br><\/p>\n","protected":false},"excerpt":{"rendered":"<p>Os colaboradores da Inocambra tornaram-se acionistas da empresa que atua na ind\u00fastria metalomec\u00e2nica h\u00e1 mais de 20 anos atrav\u00e9s do programa \u201cSomos Acionistas\u201d. A medida atribui a cada colaborador com mais de cinco anos de casa a\u00e7\u00f5es preferenciais, sem custo, equivalentes a 50% do sal\u00e1rio base anual. Uma iniciativa pioneira da empresa sediada em Vale<\/p>\n","protected":false},"author":5,"featured_media":13341,"comment_status":"open","ping_status":"open","sticky":false,"template":"","format":"standard","meta":{"_monsterinsights_skip_tracking":false,"_monsterinsights_sitenote_active":false,"_monsterinsights_sitenote_note":"","_monsterinsights_sitenote_category":0,"footnotes":""},"categories":[1],"tags":[147],"class_list":{"0":"post-13340","1":"post","2":"type-post","3":"status-publish","4":"format-standard","5":"has-post-thumbnail","7":"category-atual","8":"tag-inocambra"},"aioseo_notices":[],"_links":{"self":[{"href":"https:\/\/avozdecambra.pt\/index.php?rest_route=\/wp\/v2\/posts\/13340","targetHints":{"allow":["GET"]}}],"collection":[{"href":"https:\/\/avozdecambra.pt\/index.php?rest_route=\/wp\/v2\/posts"}],"about":[{"href":"https:\/\/avozdecambra.pt\/index.php?rest_route=\/wp\/v2\/types\/post"}],"author":[{"embeddable":true,"href":"https:\/\/avozdecambra.pt\/index.php?rest_route=\/wp\/v2\/users\/5"}],"replies":[{"embeddable":true,"href":"https:\/\/avozdecambra.pt\/index.php?rest_route=%2Fwp%2Fv2%2Fcomments&post=13340"}],"version-history":[{"count":1,"href":"https:\/\/avozdecambra.pt\/index.php?rest_route=\/wp\/v2\/posts\/13340\/revisions"}],"predecessor-version":[{"id":13342,"href":"https:\/\/avozdecambra.pt\/index.php?rest_route=\/wp\/v2\/posts\/13340\/revisions\/13342"}],"wp:featuredmedia":[{"embeddable":true,"href":"https:\/\/avozdecambra.pt\/index.php?rest_route=\/wp\/v2\/media\/13341"}],"wp:attachment":[{"href":"https:\/\/avozdecambra.pt\/index.php?rest_route=%2Fwp%2Fv2%2Fmedia&parent=13340"}],"wp:term":[{"taxonomy":"category","embeddable":true,"href":"https:\/\/avozdecambra.pt\/index.php?rest_route=%2Fwp%2Fv2%2Fcategories&post=13340"},{"taxonomy":"post_tag","embeddable":true,"href":"https:\/\/avozdecambra.pt\/index.php?rest_route=%2Fwp%2Fv2%2Ftags&post=13340"}],"curies":[{"name":"wp","href":"https:\/\/api.w.org\/{rel}","templated":true}]}}