{"id":13413,"date":"2025-11-26T17:05:09","date_gmt":"2025-11-26T17:05:09","guid":{"rendered":"http:\/\/avozdecambra.pt\/?p=13413"},"modified":"2025-11-27T10:03:32","modified_gmt":"2025-11-27T10:03:32","slug":"vale-de-cambra-acende-magia-do-natal-esta-sexta-feira-com-mais-de-duas-dezenas-de-iniciativas-por-todo-o-concelho","status":"publish","type":"post","link":"https:\/\/avozdecambra.pt\/?p=13413","title":{"rendered":"Vale de Cambra acende magia do Natal esta sexta-feira com dezenas de iniciativas por todo o concelho"},"content":{"rendered":"\n<p><strong>A partir de 29 de novembro, Vale de Cambra transforma-se num palco natal\u00edcio com luz, m\u00fasica e dezenas de atividades que prometem voltar a encher a cidade de visitantes. A inaugura\u00e7\u00e3o da ilumina\u00e7\u00e3o de Natal, marcada para esta sexta-feira, dia 28 de novembro, ser\u00e1 o ponto de partida para mais de um m\u00eas de celebra\u00e7\u00f5es espalhadas por todo o concelho. <\/strong><\/p>\n\n\n\n<p><strong>Cristina Maria Santos&nbsp;<\/strong><\/p>\n\n\n\n<p>Com uma agenda refor\u00e7ada, a edi\u00e7\u00e3o deste ano quer surpreender fam\u00edlias valecambrenses, mas tamb\u00e9m turistas e acolher os seus emigrantes, tornando o Natal local numa refer\u00eancia da regi\u00e3o.&nbsp;<\/p>\n\n\n\n<p>A autarquia destaca que este investimento tem tamb\u00e9m o prop\u00f3sito de impulsionar o com\u00e9rcio tradicional, que encontra nesta \u00e9poca um momento decisivo do ano.<\/p>\n\n\n\n<p>\u201cNeste Natal, comprem no com\u00e9rcio tradicional e ajudem a economia local a funcionar, porque todos juntos podemos potenciar e desenvolver o nosso territ\u00f3rio\u201d, sublinhou o presidente da C\u00e2mara de Vale de Cambra, Andr\u00e9 Martins da Silva.&nbsp;<\/p>\n\n\n\n<p>Entre concertos, contos de Natal, espet\u00e1culos de rua, exposi\u00e7\u00f5es de pres\u00e9pios, hidronatal, m\u00fasica, dan\u00e7a, mercado infantil, desfile de mota, natal\u00edcio, o calend\u00e1rio inclui ainda workshops, iniciativas educativas, feira do livro, artesanato, gastronomia e muito mais. &nbsp;<\/p>\n\n\n\n<p>O Bosque de Natal volta a ocupar o centro da cidade, reunindo artes\u00e3os e produtores locais com sugest\u00f5es de presentes e sabores t\u00edpicos. <\/p>\n\n\n\n<p>Com dezenas de propostas, a programa\u00e7\u00e3o \u201cNatal com muito gosto!\u201d quer transformar Vale de Cambra num destino imperd\u00edvel para mi\u00fados e gra\u00fados, espalhando o esp\u00edrito festivo por ruas, com\u00e9rcio e equipamentos municipais at\u00e9 6 de janeiro.&nbsp;<\/p>\n\n\n\n<p>&#8220;Nesta quadra especial, Vale de Cambra volta a encher-se de luz, de cor e, sobretudo, de esp\u00edrito comunit\u00e1rio. O Natal vive-se nas ruas, nas pra\u00e7as e em cada freguesia, com um programa que celebra a nossa identidade e o que temos de mais genu\u00edno: as pessoas. Do Bosque de Natal, onde a magia ganha vida, \u00e0 Feira do Livro, que nos traz o encanto das palavras e a visita de escritores de renome, passando pelas muitas atividades desportivas que unem gera\u00e7\u00f5es, pelo Moto Natal que enche a cidade de solidariedade e cor, e pelo concerto que junta a voz inconfund\u00edvel de Sofia Escobar \u00e0 nossa Banda de Junqueira \u2014 todos estes momentos refletem um concelho que vive em harmonia e partilha. Destaco ainda o Roteiro dos Pres\u00e9pios Comunit\u00e1rios, um verdadeiro s\u00edmbolo da uni\u00e3o e da dedica\u00e7\u00e3o das nossas par\u00f3quias, juntas de freguesia e popula\u00e7\u00e3o. \u00c9 na simplicidade de cada pres\u00e9pio que encontramos o verdadeiro significado do Natal: a comunh\u00e3o, a f\u00e9 e a esperan\u00e7a num futuro melhor&#8221;, referiu ainda o presidente da C\u00e2mara.  <\/p>\n\n\n\n<p><strong><mark style=\"background-color:rgba(0, 0, 0, 0)\" class=\"has-inline-color has-vivid-purple-color\">Feira do Livro | 29 Nov &#8211; 14 Dez<\/mark><\/strong><\/p>\n\n\n\n<ul class=\"wp-block-list\">\n<li><strong><mark style=\"background-color:rgba(0, 0, 0, 0)\" class=\"has-inline-color has-vivid-cyan-blue-color\">Workshop de Pintura de Azulejos<\/mark><\/strong> 29 Nov | 15:00-17:00 |&nbsp;Promovido por Ana Campos Inscri\u00e7\u00f5es:&nbsp;<a href=\"https:\/\/form.jotform.com\/253152633403347\">https:\/\/form.jotform.com\/253152633403347<\/a><\/li>\n\n\n\n<li><strong><mark style=\"background-color:rgba(0, 0, 0, 0)\" class=\"has-inline-color has-vivid-cyan-blue-color\">Domingos com Contos<\/mark><\/strong><br>30 Nov | 10:30 |&nbsp;M\u00fasica com Beb\u00e9s e Pap\u00e1s &#8211; Lua e Estrelas Inscri\u00e7\u00f5es:&nbsp;<a href=\"https:\/\/form.jotform.com\/253232550886359\">https:\/\/form.jotform.com\/253232550886359<\/a><\/li>\n\n\n\n<li><strong><mark style=\"background-color:rgba(0, 0, 0, 0)\" class=\"has-inline-color has-vivid-cyan-blue-color\">Encontro com David Machado<br><\/mark><\/strong>4 Dez | 10:00 |&nbsp;Escritor \/ Ilustrador<\/li>\n\n\n\n<li><mark style=\"background-color:rgba(0, 0, 0, 0)\" class=\"has-inline-color has-vivid-cyan-blue-color\"><strong>Workshop de ilustra\u00e7\u00e3o<\/strong><\/mark><br>6 Dez | 10:00-13:00 e 14:00-17:00 |&nbsp;Promovido por Ana Pinho Inscri\u00e7\u00f5es:&nbsp;<a href=\"https:\/\/form.jotform.com\/253173541318353\">https:\/\/form.jotform.com\/253173541318353<\/a><\/li>\n\n\n\n<li><mark style=\"background-color:rgba(0, 0, 0, 0)\" class=\"has-inline-color has-vivid-cyan-blue-color\"><strong>Projeto &#8220;Outras Linhas, Outros Pontos, Outros Encontros&#8221;<\/strong><\/mark><br>9 Dez | 17:30-20:00 Inscri\u00e7\u00f5es:&nbsp;<a href=\"mailto:biblioteca@cm-valedecambra.pt\">biblioteca@cm-valedecambra.pt<\/a>&nbsp;| Telefone:. 256 420 512 | Biblioteca Municipal<\/li>\n\n\n\n<li><strong><mark style=\"background-color:rgba(0, 0, 0, 0)\" class=\"has-inline-color has-vivid-cyan-blue-color\">Encontro com o escritor Pedro Chagas Freitas<\/mark><\/strong><br>13 Dez | 21:00<\/li>\n\n\n\n<li><strong><mark style=\"background-color:rgba(0, 0, 0, 0)\" class=\"has-inline-color has-vivid-cyan-blue-color\">Inaugura\u00e7\u00e3o da Exposi\u00e7\u00e3o &#8220;Simbiose &#8211; Da palavra \u00e0 forma&#8221;<\/mark><\/strong><br>14 Dez | 15:00 |\u00a0Alunos de Artes Visuais da Escola Secund\u00e1ria do Agrupamento de Escolas do B\u00fazio | Coordena\u00e7\u00e3o de Ana Campos<\/li>\n\n\n\n<li><strong><mark style=\"background-color:rgba(0, 0, 0, 0)\" class=\"has-inline-color has-vivid-purple-color\">Natal em Movimento | 14 Dez &#8211; 19 <\/mark><\/strong><\/li>\n\n\n\n<li><strong><mark style=\"background-color:rgba(0, 0, 0, 0)\" class=\"has-inline-color has-vivid-cyan-blue-color\">XMAS Urban Run | 14 Dez | 18:00<\/mark><\/strong><br>Local: Centro da cidade 18h00 \u2013 Concentra\u00e7\u00e3o no Jardim | Secretariado com check in 18h30 \u2013 Partida oficial no p\u00f3rtico de partida em frente ao Edf. Pa\u00e7os do Concelho Percurso \/&nbsp;Esta\u00e7\u00f5es Tem\u00e1ticas Inscri\u00e7\u00f5es limitadas<\/li>\n\n\n\n<li><strong><mark style=\"background-color:rgba(0, 0, 0, 0)\" class=\"has-inline-color has-vivid-purple-color\">F\u00c9RIAS ATIVAS | 17,18 e 19 Dez | 09:00 -12:30<\/mark><\/strong><br>Local: Piscinas Municipais de Vale de Cambra (OTL &#8211; Ocupa\u00e7\u00e3o de Tempos Livres)<br>Manh\u00e3s repletas de atividades divertidas, educativas e desportivas para crian\u00e7as e jovens dos 6 aos 14 anos. Os participantes poder\u00e3o experimentar v\u00e1rias atividades oferecidas pelos servi\u00e7os municipais, promovendo movimento, criatividade e socializa\u00e7\u00e3o num ambiente seguro e l\u00fadico.<\/li>\n\n\n\n<li><mark style=\"background-color:rgba(0, 0, 0, 0)\" class=\"has-inline-color has-vivid-cyan-blue-color\">Mini Splash de Natal \u2013 Aula Especial para Beb\u00e9s | 17 Dez | 19:00 (30 min)<\/mark><br>Local: Piscinas Municipais de Vale de Cambra<br>Uma aula especial e divertida dedicada aos mais pequeninos, acompanhados por at\u00e9 dois familiares. Entre m\u00fasica, luzes e muita ternura, os beb\u00e9s v\u00e3o explorar a \u00e1gua num ambiente natal\u00edcio e seguro, cheio de cor e encanto.                                                                                  Destinat\u00e1rios: Beb\u00e9s com familiares \u2013 aberto ao p\u00fablico em gera                                                            Inscri\u00e7\u00f5es gratuitas e limitadas<\/li>\n\n\n\n<li><mark style=\"background-color:rgba(0, 0, 0, 0)\" class=\"has-inline-color has-vivid-cyan-blue-color\">HIDRONATAL 2025 \u2013 Mega Aula de Hidrogin\u00e1stica | 17 Dez | 19:45 (45 min)<\/mark><br>Local: Piscinas Municipais de Vale de Cambra<br>Uma mega aula cheia de energia, m\u00fasica e boa disposi\u00e7\u00e3o, onde a \u00e1gua vibra com o esp\u00edrito natal\u00edcio! Atividade din\u00e2mica e divertida, orientada por v\u00e1rios professores, para celebrar o Natal em movimento e em equipa.                                                                                                              Destinat\u00e1rios: Popula\u00e7\u00e3o em geral (+14 anos)                                                                                          Inscri\u00e7\u00f5es gratuitas e limitadas<\/li>\n\n\n\n<li><mark style=\"background-color:rgba(0, 0, 0, 0)\" class=\"has-inline-color has-vivid-cyan-blue-color\">NATAL EM EQUIL\u00cdBRIO \u2013 Aula de Relaxamento Aqu\u00e1tico | 17 Dez | 20:30 (30min)<\/mark><br>Local: Piscinas Municipais de Vale de Cambra<br>Uma experi\u00eancia serena e envolvente para abrandar o ritmo e reconectar corpo e mente. Movimentos suaves, respira\u00e7\u00e3o consciente e equil\u00edbrio dentro de \u00e1gua criam um momento de harmonia e paz. Perfeita para quem procura tranquilidade e energia positiva antes das festividades.                                                                                                                                         Destinat\u00e1rios: Popula\u00e7\u00e3o em geral (+14 anos)                                                                                                Inscri\u00e7\u00f5es gratuitas e limitadas<\/li>\n\n\n\n<li><mark style=\"background-color:rgba(0, 0, 0, 0)\" class=\"has-inline-color has-vivid-cyan-blue-color\">AQUAL\u00c2NDIA \u2013 Parque Aqu\u00e1tico de Natal | 27 Dez | 09:00-12:30 e 14:00-17:30<\/mark><br>Local: Piscinas Municipais de Vale de Cambra<br>As piscinas transformam-se num parque de divers\u00f5es aqu\u00e1tico com insufl\u00e1veis, desafios e muita anima\u00e7\u00e3o! Divers\u00e3o garantida para crian\u00e7as e jovens num ambiente seguro e festivo. Destinat\u00e1rios: Aberto ao p\u00fablico em geral e sujeito \u00e0 lota\u00e7\u00e3o do espa\u00e7o<\/li>\n<\/ul>\n\n\n\n<p><strong><mark style=\"background-color:rgba(0, 0, 0, 0)\" class=\"has-inline-color has-vivid-purple-color\">Bosque de Natal<\/mark><\/strong><\/p>\n\n\n\n<p><mark style=\"background-color:rgba(0, 0, 0, 0)\" class=\"has-inline-color has-vivid-cyan-blue-color\">6 Dez | S\u00e1bado15:00 M\u00fasica&nbsp;| Orfe\u00e3o &#8211; Abertura oficial<\/mark><\/p>\n\n\n\n<p><mark style=\"background-color:rgba(0, 0, 0, 0)\" class=\"has-inline-color has-vivid-cyan-blue-color\">7 Dez | Domingo<\/mark> 15:00 M\u00fasica&nbsp;| Encontro de Percuss\u00e3o &#8211; APDC &#8211; 16:00 Teatro&nbsp;| Miss\u00e3o natal\u00edcia imposs\u00edvel                                                                                                     <\/p>\n\n\n\n<p><mark style=\"background-color:rgba(0, 0, 0, 0)\" class=\"has-inline-color has-vivid-cyan-blue-color\">8 Dez | Segunda-Feira (Feriado)<\/mark> 15:00 M\u00fasica&nbsp;| Atua\u00e7\u00e3o de rua Saxofone &#8211; Pedro Almeida 16:00 Teatro&nbsp;| Conto de Natal &#8211; APDC<\/p>\n\n\n\n<p><mark style=\"background-color:rgba(0, 0, 0, 0)\" class=\"has-inline-color has-vivid-cyan-blue-color\">13 Dez | S\u00e1bado<\/mark> 15:00 Dan\u00e7a&nbsp;| A Rainha Branca &#8211; Com Passos, Academia D&#8217;artes 16:00 Teatro&nbsp;| Uma unic\u00f3rnio, pai natal?<\/p>\n\n\n\n<p><mark style=\"background-color:rgba(0, 0, 0, 0)\" class=\"has-inline-color has-vivid-cyan-blue-color\">14 Dez | Domingo<\/mark> 15:00 Teatro&nbsp;| Um natal para todos &#8211; GDC Codal 18:00 Desporto&nbsp;| Xmas Urban Run&nbsp;<\/p>\n\n\n\n<p><mark style=\"background-color:rgba(0, 0, 0, 0)\" class=\"has-inline-color has-vivid-cyan-blue-color\">20 Dez | S\u00e1bado<\/mark> 16:00 Teatro&nbsp;| Rodolfo n\u00e3o fa\u00e7as isso 17:00 M\u00fasica&nbsp;| Atua\u00e7\u00e3o Musical &#8211; OLCA<\/p>\n\n\n\n<p><mark style=\"background-color:rgba(0, 0, 0, 0)\" class=\"has-inline-color has-vivid-cyan-blue-color\">21 Dez | Domingo<\/mark> 15:00 M\u00fasica&nbsp;| Guitarra e voz &#8211; Johnny Fields 16:00 Teatro&nbsp;| Farrapo Velho&nbsp;<br><br><br><strong><mark style=\"background-color:rgba(0, 0, 0, 0)\" class=\"has-inline-color has-vivid-purple-color\">Pres\u00e9pios Comunit\u00e1rios | 6 Dez &#8211; 6 Jan<\/mark><\/strong><br>O Natal \u00e9 tempo de partilha, uni\u00e3o e comunidade \u2014 e poucos exemplos traduzem t\u00e3o bem esse esp\u00edrito como o nosso Roteiro dos Pres\u00e9pios Comunit\u00e1rios. O que come\u00e7ou nas par\u00f3quias de Ar\u00f5es e Junqueira tornou-se hoje uma tradi\u00e7\u00e3o viva que percorre todo o concelho. De ano para ano, mais freguesias se juntaram, mais fam\u00edlias colaboraram e mais cora\u00e7\u00f5es se uniram para dar vida a um projeto que \u00e9 de todos. Esta iniciativa, apesar de recente, resgata o melhor das tradi\u00e7\u00f5es de outros tempos. Recria a partilha e o conv\u00edvio entre vizinhos, revive os \u201ccantares ao Menino\u201d, as festas em torno da montagem de cada pres\u00e9pio e at\u00e9 o gesto carinhoso das lembran\u00e7as simb\u00f3licas oferecidas aos visitantes. Mais do que pres\u00e9pios, o que se constr\u00f3i \u00e9 um la\u00e7o entre gera\u00e7\u00f5es \u2014 o trabalho conjunto de pais, filhos e fam\u00edlias inteiras, que se re\u00fanem para celebrar o verdadeiro sentido do Natal. &#8220;A C\u00e2mara Municipal de Vale de Cambra agradece, com enorme reconhecimento, a todas as Par\u00f3quias, Juntas de Freguesia e \u00e0 popula\u00e7\u00e3o que, com dedica\u00e7\u00e3o e criatividade, fazem desta iniciativa um s\u00edmbolo do nosso concelho e um motivo de orgulho para todos n\u00f3s&#8221;, refere o presidente da C\u00e2mara de Vale de Cambra, Andr\u00e9 Martins da Silva.  <\/p>\n\n\n\n<ul class=\"wp-block-list\">\n<li><mark style=\"background-color:rgba(0, 0, 0, 0)\" class=\"has-inline-color has-vivid-cyan-blue-color\">2025 | Total Pres\u00e9pios: 80<\/mark> &#8211; 16 Pres\u00e9pios | Ar\u00f5es &#8211; 10 Pres\u00e9pios | Cepelos &#8211; 17 Pres\u00e9pios | Junqueira &#8211; 05 Pres\u00e9pios | Macieira de Cambra &#8211;  08 Pres\u00e9pios | R\u00f4ge &#8211; 17 Pres\u00e9pios | S. Pedro de Castel\u00f5es &#8211; 07 Pres\u00e9pios | Uni\u00e3o de Freguesias Vila Ch\u00e2, Codal e Vila Cova de Perrinho<\/li>\n<\/ul>\n\n\n\n<figure class=\"wp-block-image size-full\"><img loading=\"lazy\" decoding=\"async\" width=\"900\" height=\"750\" src=\"http:\/\/avozdecambra.pt\/wp-content\/uploads\/2025\/11\/mapa_1_1024_2500.png\" alt=\"\" class=\"wp-image-13416\" srcset=\"https:\/\/avozdecambra.pt\/wp-content\/uploads\/2025\/11\/mapa_1_1024_2500.png 900w, https:\/\/avozdecambra.pt\/wp-content\/uploads\/2025\/11\/mapa_1_1024_2500-300x250.png 300w, https:\/\/avozdecambra.pt\/wp-content\/uploads\/2025\/11\/mapa_1_1024_2500-768x640.png 768w, https:\/\/avozdecambra.pt\/wp-content\/uploads\/2025\/11\/mapa_1_1024_2500-150x125.png 150w, https:\/\/avozdecambra.pt\/wp-content\/uploads\/2025\/11\/mapa_1_1024_2500-450x375.png 450w\" sizes=\"auto, (max-width: 900px) 100vw, 900px\" \/><\/figure>\n\n\n\n<p><strong><mark style=\"background-color:rgba(0, 0, 0, 0)\" class=\"has-inline-color has-vivid-purple-color\">Concerto Sofia Escobar e Banda Musical Flor da Mocidade Junqueirense | 20 Dez<\/mark><\/strong><\/p>\n\n\n\n<p>Sofia Escobar, a mais reconhecida soprano nacional, empresta o seu talento a uma noite dedicada \u00e0s mais belas can\u00e7\u00f5es dos grandes musicais. Com uma carreira internacional consagrada e reconhecida no Reino Unido e em Espanha, Sofia Escobar \u00e9 acompanhada pela Banda Musical Flor da Mocidade Junqueirense, numa viagem emocionante por temas ic\u00f3nicos como \u201cDon\u2019t Cry for Me Argentina\u201d, \u201cMemory\u201d e \u201cOver the Rainbow\u201d, celebrando paix\u00e3o, esperan\u00e7a, nostalgia e a for\u00e7a do recome\u00e7o.<\/p>\n\n\n\n<p><strong><mark style=\"background-color:rgba(0, 0, 0, 0)\" class=\"has-inline-color has-vivid-purple-color\">Natal D&#8217;ouro em Trebilhadouro | 29 e 30 Nov<\/mark><\/strong><br><br>A Aldeia de Trebilhadouro volta a transformar-se num cen\u00e1rio m\u00e1gico para celebrar o Natal com tradi\u00e7\u00f5es, sabores, m\u00fasica e experi\u00eancias \u00fanicas para toda a fam\u00edlia. Venha viver dois dias cheios de encanto!<br><mark style=\"background-color:rgba(0, 0, 0, 0)\" class=\"has-inline-color has-vivid-cyan-blue-color\">S\u00c1BADO | 29 NOV<\/mark> 15h00 \u2013 Abertura Oficial 15h00\u201323h00 \u2013 Copos &amp; Vinhos \u2013 Prova de Vinhos 17h30 \u2013 Big Bottle Band 18h15\u201323h00 \u2013 DJ D\u2019Ouro                                                                                                                            <\/p>\n\n\n\n<p><mark style=\"background-color:rgba(0, 0, 0, 0)\" class=\"has-inline-color has-vivid-cyan-blue-color\">DOMINGO | 30 NOV<\/mark> Atividades permanentes durante todo o evento: O Covil do Cevadeiro \u2013 Cerveja artesanal e petiscos &#8211; Venha sentir a magia do Natal D\u2019Ouro numa das aldeias mais bonitas de Portugal. Tradi\u00e7\u00e3o, comunidade e momentos que aquecem o cora\u00e7\u00e3o.     <\/p>\n\n\n\n<p><strong><mark style=\"background-color:rgba(0, 0, 0, 0)\" class=\"has-inline-color has-vivid-purple-color\">Moto Natal | 21 Dez &#8211; Organiza\u00e7\u00e3o Sport Clube de Cambra<\/mark><\/strong><br><br>O Moto Natal do Sport Clube de Cambra est\u00e1 de regresso para levar alegria e esp\u00edrito natal\u00edcio \u00e0s crian\u00e7as do concelho \u2014 e queremos que tu e o teu grupo de motards fa\u00e7am parte desta iniciativa especial!<br>Traz a tua mota \u2014 seja de 2, 3 ou 4 rodas \u2014 e n\u00e3o te esque\u00e7as do indispens\u00e1vel fato de Pai Natal!<br>A participa\u00e7\u00e3o \u00e9 totalmente livre e a divers\u00e3o est\u00e1 mais do que garantida. Haver\u00e1 ainda porco no espeto gratuito para todos os participantes.<br>Vamos p\u00f4r os motores a rugir e transformar este dia numa experi\u00eancia memor\u00e1vel. Junta os teus amigos, prepara-te para uma aventura solid\u00e1ria e vive connosco o verdadeiro esp\u00edrito de Natal.<br>Contamos contigo para espalhar sorrisos!<br><br><strong><mark style=\"background-color:rgba(0, 0, 0, 0)\" class=\"has-inline-color has-vivid-purple-color\">\u00c9 Tempo de Natal &#8211; Exposi\u00e7\u00e3o | 5Dez-6Jan<\/mark><\/strong><br><br>Exposi\u00e7\u00e3o de Cer\u00e2mica de Ana Campos<br>Loja Interativa de Turismo<br>Hor\u00e1rio: 09:00-17:30<\/p>\n\n\n\n<figure class=\"wp-block-image size-large is-resized\"><img loading=\"lazy\" decoding=\"async\" width=\"724\" height=\"1024\" src=\"http:\/\/avozdecambra.pt\/wp-content\/uploads\/2025\/11\/586816617_1158887333089315_60013052997996280_n-724x1024.jpg\" alt=\"\" class=\"wp-image-13431\" style=\"width:724px;height:auto\" srcset=\"https:\/\/avozdecambra.pt\/wp-content\/uploads\/2025\/11\/586816617_1158887333089315_60013052997996280_n-724x1024.jpg 724w, https:\/\/avozdecambra.pt\/wp-content\/uploads\/2025\/11\/586816617_1158887333089315_60013052997996280_n-212x300.jpg 212w, https:\/\/avozdecambra.pt\/wp-content\/uploads\/2025\/11\/586816617_1158887333089315_60013052997996280_n-768x1086.jpg 768w, https:\/\/avozdecambra.pt\/wp-content\/uploads\/2025\/11\/586816617_1158887333089315_60013052997996280_n-150x212.jpg 150w, https:\/\/avozdecambra.pt\/wp-content\/uploads\/2025\/11\/586816617_1158887333089315_60013052997996280_n-450x637.jpg 450w, https:\/\/avozdecambra.pt\/wp-content\/uploads\/2025\/11\/586816617_1158887333089315_60013052997996280_n.jpg 842w\" sizes=\"auto, (max-width: 724px) 100vw, 724px\" \/><\/figure>\n\n\n\n<figure class=\"wp-block-image size-large\"><img loading=\"lazy\" decoding=\"async\" width=\"724\" height=\"1024\" src=\"http:\/\/avozdecambra.pt\/wp-content\/uploads\/2025\/11\/Natal_Vale-de-Cambra2025_1-724x1024.png\" alt=\"\" class=\"wp-image-13432\" srcset=\"https:\/\/avozdecambra.pt\/wp-content\/uploads\/2025\/11\/Natal_Vale-de-Cambra2025_1-724x1024.png 724w, https:\/\/avozdecambra.pt\/wp-content\/uploads\/2025\/11\/Natal_Vale-de-Cambra2025_1-212x300.png 212w, https:\/\/avozdecambra.pt\/wp-content\/uploads\/2025\/11\/Natal_Vale-de-Cambra2025_1-768x1086.png 768w, https:\/\/avozdecambra.pt\/wp-content\/uploads\/2025\/11\/Natal_Vale-de-Cambra2025_1-1086x1536.png 1086w, https:\/\/avozdecambra.pt\/wp-content\/uploads\/2025\/11\/Natal_Vale-de-Cambra2025_1-1448x2048.png 1448w, https:\/\/avozdecambra.pt\/wp-content\/uploads\/2025\/11\/Natal_Vale-de-Cambra2025_1-150x212.png 150w, https:\/\/avozdecambra.pt\/wp-content\/uploads\/2025\/11\/Natal_Vale-de-Cambra2025_1-450x636.png 450w, https:\/\/avozdecambra.pt\/wp-content\/uploads\/2025\/11\/Natal_Vale-de-Cambra2025_1-1200x1697.png 1200w, https:\/\/avozdecambra.pt\/wp-content\/uploads\/2025\/11\/Natal_Vale-de-Cambra2025_1-scaled.png 1810w\" sizes=\"auto, (max-width: 724px) 100vw, 724px\" \/><\/figure>\n\n\n\n<p><br><br><br><br><\/p>\n\n\n\n<p><\/p>\n\n\n\n<h2 class=\"wp-block-heading\"><\/h2>\n","protected":false},"excerpt":{"rendered":"<p>A partir de 29 de novembro, Vale de Cambra transforma-se num palco natal\u00edcio com luz, m\u00fasica e dezenas de atividades que prometem voltar a encher a cidade de visitantes. A inaugura\u00e7\u00e3o da ilumina\u00e7\u00e3o de Natal, marcada para esta sexta-feira, dia 28 de novembro, ser\u00e1 o ponto de partida para mais de um m\u00eas de celebra\u00e7\u00f5es<\/p>\n","protected":false},"author":5,"featured_media":13415,"comment_status":"open","ping_status":"open","sticky":false,"template":"","format":"standard","meta":{"_monsterinsights_skip_tracking":false,"_monsterinsights_sitenote_active":false,"_monsterinsights_sitenote_note":"","_monsterinsights_sitenote_category":0,"footnotes":""},"categories":[585,1],"tags":[1157],"class_list":{"0":"post-13413","1":"post","2":"type-post","3":"status-publish","4":"format-standard","5":"has-post-thumbnail","7":"category-agenda","8":"category-atual","9":"tag-programacao-de-natal-2025"},"aioseo_notices":[],"_links":{"self":[{"href":"https:\/\/avozdecambra.pt\/index.php?rest_route=\/wp\/v2\/posts\/13413","targetHints":{"allow":["GET"]}}],"collection":[{"href":"https:\/\/avozdecambra.pt\/index.php?rest_route=\/wp\/v2\/posts"}],"about":[{"href":"https:\/\/avozdecambra.pt\/index.php?rest_route=\/wp\/v2\/types\/post"}],"author":[{"embeddable":true,"href":"https:\/\/avozdecambra.pt\/index.php?rest_route=\/wp\/v2\/users\/5"}],"replies":[{"embeddable":true,"href":"https:\/\/avozdecambra.pt\/index.php?rest_route=%2Fwp%2Fv2%2Fcomments&post=13413"}],"version-history":[{"count":8,"href":"https:\/\/avozdecambra.pt\/index.php?rest_route=\/wp\/v2\/posts\/13413\/revisions"}],"predecessor-version":[{"id":13439,"href":"https:\/\/avozdecambra.pt\/index.php?rest_route=\/wp\/v2\/posts\/13413\/revisions\/13439"}],"wp:featuredmedia":[{"embeddable":true,"href":"https:\/\/avozdecambra.pt\/index.php?rest_route=\/wp\/v2\/media\/13415"}],"wp:attachment":[{"href":"https:\/\/avozdecambra.pt\/index.php?rest_route=%2Fwp%2Fv2%2Fmedia&parent=13413"}],"wp:term":[{"taxonomy":"category","embeddable":true,"href":"https:\/\/avozdecambra.pt\/index.php?rest_route=%2Fwp%2Fv2%2Fcategories&post=13413"},{"taxonomy":"post_tag","embeddable":true,"href":"https:\/\/avozdecambra.pt\/index.php?rest_route=%2Fwp%2Fv2%2Ftags&post=13413"}],"curies":[{"name":"wp","href":"https:\/\/api.w.org\/{rel}","templated":true}]}}