{"id":13674,"date":"2026-01-01T13:34:06","date_gmt":"2026-01-01T13:34:06","guid":{"rendered":"http:\/\/avozdecambra.pt\/?p=13674"},"modified":"2026-01-23T13:36:44","modified_gmt":"2026-01-23T13:36:44","slug":"vacinar-e-proteger-a-comunidade-enfermeira-da-unidade-de-saude-familiar-local-esclarece-campanha-contra-a-gripe-e-a-covid-19","status":"publish","type":"post","link":"https:\/\/avozdecambra.pt\/?p=13674","title":{"rendered":"\u201cVacinar \u00e9 proteger a comunidade\u201d: Enfermeira da Unidade de Sa\u00fade Familiar local esclarece campanha contra a gripe e a COVID-19"},"content":{"rendered":"\n<p><strong>Sob o mote: \u201cProte\u00e7\u00e3o ao Alcance de Todos\u201d, a enfermeira Joana Alves, da Unidade de Sa\u00fade Familiar local, explica, em entrevista ao Voz de Cambra, a quem se destina a campanha de vacina\u00e7\u00e3o sazonal contra a gripe e a COVID-19, desmistifica receios associados \u00e0s vacinas e refor\u00e7a a import\u00e2ncia da vacina\u00e7\u00e3o como um ato de responsabilidade individual e solidariedade coletiva, essencial para a prote\u00e7\u00e3o dos grupos mais vulner\u00e1veis da comunidade.<\/strong><\/p>\n\n\n\n<p><strong>Cristina Maria Santos&nbsp;<\/strong><\/p>\n\n\n\n<p><strong>A Campanha de Vacina\u00e7\u00e3o Sazonal contra a gripe e a COVID-19 j\u00e1 come\u00e7ou. Quem deve receber a vacina?<\/strong><\/p>\n\n\n\n<p>A campanha dirige-se, sobretudo, \u00e0s pessoas que apresentam maior vulnerabilidade. No caso da gripe, a vacina\u00e7\u00e3o gratuita destina-se aos maiores de 60 anos, \u00e0s gr\u00e1vidas, \u00e0s crian\u00e7as entre os 6 e os 23 meses&nbsp;e \u00e0s pessoas com menos de 60 anos que tenham doen\u00e7as cr\u00f3nicas ou outras condi\u00e7\u00f5es cl\u00ednicas de risco.<br>Relativamente \u00e0 COVID-19, a vacina\u00e7\u00e3o abrange estes mesmos grupos, sendo que, no caso das crian\u00e7as e jovens, est\u00e1 indicada apenas para situa\u00e7\u00f5es de imunossupress\u00e3o grave ou ap\u00f3s avalia\u00e7\u00e3o cl\u00ednica individual. Trata-se de uma medida fundamental para reduzir o risco de doen\u00e7a grave e proteger os grupos mais fr\u00e1geis.<\/p>\n\n\n\n<p><strong>Muitas pessoas t\u00eam receio de tomar a vacina. Como responder a esses receios?<\/strong><\/p>\n\n\n\n<p>\u00c9 compreens\u00edvel que existam d\u00favidas, mas importa salientar que as vacinas utilizadas passaram por processos rigorosos de investiga\u00e7\u00e3o, avalia\u00e7\u00e3o e monitoriza\u00e7\u00e3o. S\u00e3o seguras, eficazes e amplamente utilizadas. Os efeitos secund\u00e1rios s\u00e3o, na maioria das vezes, ligeiros e transit\u00f3rios, enquanto as complica\u00e7\u00f5es associadas \u00e0 gripe ou \u00e0 COVID-19 podem ser graves, sobretudo nas pessoas mais vulner\u00e1veis. A vacina\u00e7\u00e3o continua a ser a melhor forma de preven\u00e7\u00e3o.<\/p>\n\n\n\n<p><strong>No entanto, ainda existem muitos mitos associados \u00e0 vacina contra a COVID-19. O que \u00e9 importante esclarecer \u00e0 popula\u00e7\u00e3o?<\/strong><\/p>\n\n\n\n<p>\u00c9 essencial esclarecer que os mitos associados \u00e0 vacina\u00e7\u00e3o contra a COVID-19 n\u00e3o t\u00eam fundamento cient\u00edfico. As vacinas n\u00e3o alteram o ADN, n\u00e3o afetam a fertilidade, n\u00e3o causam a doen\u00e7a e n\u00e3o cont\u00eam subst\u00e2ncias perigosas. S\u00e3o vacinas amplamente estudadas e administradas a milh\u00f5es de pessoas em todo o mundo, com benef\u00edcios comprovados na redu\u00e7\u00e3o de internamentos e mortalidade.&nbsp;<\/p>\n\n\n\n<p><strong>E quem j\u00e1 teve gripe ou COVID-19, precisa de se vacinar?<\/strong><\/p>\n\n\n\n<p>Sim. Ter tido a doen\u00e7a n\u00e3o garante prote\u00e7\u00e3o prolongada. A vacina\u00e7\u00e3o permite refor\u00e7ar e prolongar a imunidade, reduzindo o risco de doen\u00e7a grave, internamento e complica\u00e7\u00f5es, sobretudo em pessoas mais velhas ou com patologias cr\u00f3nicas.&nbsp;<\/p>\n\n\n\n<p><strong>Como \u00e9 que a popula\u00e7\u00e3o pode vacinar-se? \u00c9 dif\u00edcil marcar ou deslocar-se aos locais?<\/strong><\/p>\n\n\n\n<p>N\u00e3o, o&nbsp; acesso \u00e9 simples e facilitado. As pessoas eleg\u00edveis podem dirigir-se \u00e0 sua Unidade de Sa\u00fade, contactar a respetiva equipa ou aguardar o agendamento autom\u00e1tico como a SMS.&nbsp;<\/p>\n\n\n\n<p><strong>Qual \u00e9 a principal mensagem que gostaria de deixar \u00e0 popula\u00e7\u00e3o?<\/strong><\/p>\n\n\n\n<p>Vacinar-se \u00e9 um ato de responsabilidade individual e solidariedade coletiva. Protege quem se vacina e contribui para a prote\u00e7\u00e3o de toda a comunidade, especialmente dos mais vulner\u00e1veis. Se re\u00fane os crit\u00e9rios, n\u00e3o adie: a vacina\u00e7\u00e3o \u00e9 segura e simples.&nbsp;<\/p>\n","protected":false},"excerpt":{"rendered":"<p>Sob o mote: \u201cProte\u00e7\u00e3o ao Alcance de Todos\u201d, a enfermeira Joana Alves, da Unidade de Sa\u00fade Familiar local, explica, em entrevista ao Voz de Cambra, a quem se destina a campanha de vacina\u00e7\u00e3o sazonal contra a gripe e a COVID-19, desmistifica receios associados \u00e0s vacinas e refor\u00e7a a import\u00e2ncia da vacina\u00e7\u00e3o como um ato de<\/p>\n","protected":false},"author":5,"featured_media":13675,"comment_status":"open","ping_status":"open","sticky":false,"template":"","format":"standard","meta":{"_monsterinsights_skip_tracking":false,"_monsterinsights_sitenote_active":false,"_monsterinsights_sitenote_note":"","_monsterinsights_sitenote_category":0,"footnotes":""},"categories":[1,3],"tags":[1172],"class_list":{"0":"post-13674","1":"post","2":"type-post","3":"status-publish","4":"format-standard","5":"has-post-thumbnail","7":"category-atual","8":"category-entrevista","9":"tag-unidade-de-saude-familiar"},"aioseo_notices":[],"_links":{"self":[{"href":"https:\/\/avozdecambra.pt\/index.php?rest_route=\/wp\/v2\/posts\/13674","targetHints":{"allow":["GET"]}}],"collection":[{"href":"https:\/\/avozdecambra.pt\/index.php?rest_route=\/wp\/v2\/posts"}],"about":[{"href":"https:\/\/avozdecambra.pt\/index.php?rest_route=\/wp\/v2\/types\/post"}],"author":[{"embeddable":true,"href":"https:\/\/avozdecambra.pt\/index.php?rest_route=\/wp\/v2\/users\/5"}],"replies":[{"embeddable":true,"href":"https:\/\/avozdecambra.pt\/index.php?rest_route=%2Fwp%2Fv2%2Fcomments&post=13674"}],"version-history":[{"count":1,"href":"https:\/\/avozdecambra.pt\/index.php?rest_route=\/wp\/v2\/posts\/13674\/revisions"}],"predecessor-version":[{"id":13676,"href":"https:\/\/avozdecambra.pt\/index.php?rest_route=\/wp\/v2\/posts\/13674\/revisions\/13676"}],"wp:featuredmedia":[{"embeddable":true,"href":"https:\/\/avozdecambra.pt\/index.php?rest_route=\/wp\/v2\/media\/13675"}],"wp:attachment":[{"href":"https:\/\/avozdecambra.pt\/index.php?rest_route=%2Fwp%2Fv2%2Fmedia&parent=13674"}],"wp:term":[{"taxonomy":"category","embeddable":true,"href":"https:\/\/avozdecambra.pt\/index.php?rest_route=%2Fwp%2Fv2%2Fcategories&post=13674"},{"taxonomy":"post_tag","embeddable":true,"href":"https:\/\/avozdecambra.pt\/index.php?rest_route=%2Fwp%2Fv2%2Ftags&post=13674"}],"curies":[{"name":"wp","href":"https:\/\/api.w.org\/{rel}","templated":true}]}}