{"id":2697,"date":"2021-03-22T16:11:46","date_gmt":"2021-03-22T16:11:46","guid":{"rendered":"http:\/\/avozdecambra.pt\/?p=2697"},"modified":"2021-03-22T16:11:47","modified_gmt":"2021-03-22T16:11:47","slug":"pedidos-de-ajuda-alimentar-sobem-em-tempo-de-pandemia-e-mostram-necessidades-envergonhadas","status":"publish","type":"post","link":"https:\/\/avozdecambra.pt\/?p=2697","title":{"rendered":"Pedidos de ajuda alimentar sobem em tempo de pandemia e mostram \u201cnecessidades envergonhadas\u201d"},"content":{"rendered":"\n<p>As consequ\u00eancias econ\u00f3micas da pandemia est\u00e3o a levar muitas fam\u00edlias a pedir apoio alimentar, registando-se uma altera\u00e7\u00e3o do padr\u00e3o social de quem beneficia de apoio, com \u201cnecessidades envergonhadas\u201d entre a classe m\u00e9dia, segundo institui\u00e7\u00f5es que est\u00e3o no terreno, em Vale de Cambra |&#8230;|<\/p>\n\n\n\n<figure class=\"wp-block-image size-large\"><img loading=\"lazy\" decoding=\"async\" width=\"1024\" height=\"280\" src=\"http:\/\/avozdecambra.pt\/wp-content\/uploads\/2021\/03\/site_image_final-1024x280.jpg\" alt=\"S\u00edmbolo - Informa\u00e7\u00e3o exclusiva\" class=\"wp-image-2633\" srcset=\"https:\/\/avozdecambra.pt\/wp-content\/uploads\/2021\/03\/site_image_final-1024x280.jpg 1024w, https:\/\/avozdecambra.pt\/wp-content\/uploads\/2021\/03\/site_image_final-300x82.jpg 300w, https:\/\/avozdecambra.pt\/wp-content\/uploads\/2021\/03\/site_image_final-768x210.jpg 768w, https:\/\/avozdecambra.pt\/wp-content\/uploads\/2021\/03\/site_image_final-1536x420.jpg 1536w, https:\/\/avozdecambra.pt\/wp-content\/uploads\/2021\/03\/site_image_final-2048x560.jpg 2048w\" sizes=\"auto, (max-width: 1024px) 100vw, 1024px\" \/><\/figure>\n","protected":false},"excerpt":{"rendered":"<p>As consequ\u00eancias econ\u00f3micas da pandemia est\u00e3o a levar muitas fam\u00edlias a pedir apoio alimentar, registando-se uma altera\u00e7\u00e3o do padr\u00e3o social de quem beneficia de apoio, com \u201cnecessidades envergonhadas\u201d entre a classe m\u00e9dia, segundo institui\u00e7\u00f5es que est\u00e3o no terreno, em Vale de Cambra |&#8230;|<\/p>\n","protected":false},"author":5,"featured_media":2698,"comment_status":"open","ping_status":"open","sticky":false,"template":"","format":"standard","meta":{"_monsterinsights_skip_tracking":false,"_monsterinsights_sitenote_active":false,"_monsterinsights_sitenote_note":"","_monsterinsights_sitenote_category":0,"footnotes":""},"categories":[1,293,2,4],"tags":[58,54,26,33],"class_list":{"0":"post-2697","1":"post","2":"type-post","3":"status-publish","4":"format-standard","5":"has-post-thumbnail","7":"category-atual","8":"category-exclusivo","9":"category-foco","10":"category-reportagem","11":"tag-centro-social-de-s-pedro-de-casteloes","12":"tag-cruz-vermelha-de-vale-de-cambra","13":"tag-fundacao-luiz-bernardo-de-almeida","14":"tag-santa-casa-da-misericordia-de-vale-de-cambra"},"aioseo_notices":[],"_links":{"self":[{"href":"https:\/\/avozdecambra.pt\/index.php?rest_route=\/wp\/v2\/posts\/2697","targetHints":{"allow":["GET"]}}],"collection":[{"href":"https:\/\/avozdecambra.pt\/index.php?rest_route=\/wp\/v2\/posts"}],"about":[{"href":"https:\/\/avozdecambra.pt\/index.php?rest_route=\/wp\/v2\/types\/post"}],"author":[{"embeddable":true,"href":"https:\/\/avozdecambra.pt\/index.php?rest_route=\/wp\/v2\/users\/5"}],"replies":[{"embeddable":true,"href":"https:\/\/avozdecambra.pt\/index.php?rest_route=%2Fwp%2Fv2%2Fcomments&post=2697"}],"version-history":[{"count":1,"href":"https:\/\/avozdecambra.pt\/index.php?rest_route=\/wp\/v2\/posts\/2697\/revisions"}],"predecessor-version":[{"id":2699,"href":"https:\/\/avozdecambra.pt\/index.php?rest_route=\/wp\/v2\/posts\/2697\/revisions\/2699"}],"wp:featuredmedia":[{"embeddable":true,"href":"https:\/\/avozdecambra.pt\/index.php?rest_route=\/wp\/v2\/media\/2698"}],"wp:attachment":[{"href":"https:\/\/avozdecambra.pt\/index.php?rest_route=%2Fwp%2Fv2%2Fmedia&parent=2697"}],"wp:term":[{"taxonomy":"category","embeddable":true,"href":"https:\/\/avozdecambra.pt\/index.php?rest_route=%2Fwp%2Fv2%2Fcategories&post=2697"},{"taxonomy":"post_tag","embeddable":true,"href":"https:\/\/avozdecambra.pt\/index.php?rest_route=%2Fwp%2Fv2%2Ftags&post=2697"}],"curies":[{"name":"wp","href":"https:\/\/api.w.org\/{rel}","templated":true}]}}