{"id":2774,"date":"2021-04-06T09:06:59","date_gmt":"2021-04-06T09:06:59","guid":{"rendered":"http:\/\/avozdecambra.pt\/?p=2774"},"modified":"2021-04-06T13:15:37","modified_gmt":"2021-04-06T13:15:37","slug":"ja-conhece-o-baloico-de-vilar-de-la-consegue-ver-a-ria-de-aveiro-e-a-frecha-da-mizarela","status":"publish","type":"post","link":"https:\/\/avozdecambra.pt\/?p=2774","title":{"rendered":"J\u00e1 conhece o Baloi\u00e7o de Vilar? De l\u00e1 consegue ver a ria de Aveiro e a frecha da Mizarela"},"content":{"rendered":"\n<p><strong>Fica em Cepelos, Vale de Cambra e chama-se \u201cRespirar Vilar\u201d. A panor\u00e2mica que este baloi\u00e7o apresenta leva-nos at\u00e9 \u00e0 ria de Aveiro, \u00e0 frecha da Mizarela e, em dias de sol, at\u00e9 ao Porto. A baloi\u00e7ar, claro! O Voz de Cambra d\u00e1-lhe a conhecer a hist\u00f3ria de quem o construiu e quais os seus objetivos.  <\/strong><\/p>\n\n\n\n<hr class=\"wp-block-separator\"\/>\n\n\n\n<p><em>Na edi\u00e7\u00e3o impressa! J\u00e1 nas bancas!<\/em><\/p>\n\n\n\n<figure class=\"wp-block-image size-large\"><img loading=\"lazy\" decoding=\"async\" width=\"1024\" height=\"280\" src=\"http:\/\/avozdecambra.pt\/wp-content\/uploads\/2021\/03\/site_image_final-1024x280.jpg\" alt=\"S\u00edmbolo - Informa\u00e7\u00e3o exclusiva\" class=\"wp-image-2633\" srcset=\"https:\/\/avozdecambra.pt\/wp-content\/uploads\/2021\/03\/site_image_final-1024x280.jpg 1024w, https:\/\/avozdecambra.pt\/wp-content\/uploads\/2021\/03\/site_image_final-300x82.jpg 300w, https:\/\/avozdecambra.pt\/wp-content\/uploads\/2021\/03\/site_image_final-768x210.jpg 768w, https:\/\/avozdecambra.pt\/wp-content\/uploads\/2021\/03\/site_image_final-1536x420.jpg 1536w, https:\/\/avozdecambra.pt\/wp-content\/uploads\/2021\/03\/site_image_final-2048x560.jpg 2048w\" sizes=\"auto, (max-width: 1024px) 100vw, 1024px\" \/><\/figure>\n\n\n\n<p><\/p>\n","protected":false},"excerpt":{"rendered":"<p>Fica em Cepelos, Vale de Cambra e chama-se \u201cRespirar Vilar\u201d. A panor\u00e2mica que este baloi\u00e7o apresenta leva-nos at\u00e9 \u00e0 ria de Aveiro, \u00e0 frecha da Mizarela e, em dias de sol, at\u00e9 ao Porto. A baloi\u00e7ar, claro! O Voz de Cambra d\u00e1-lhe a conhecer a hist\u00f3ria de quem o construiu e quais os seus objetivos.<\/p>\n","protected":false},"author":5,"featured_media":2775,"comment_status":"open","ping_status":"open","sticky":false,"template":"","format":"standard","meta":{"_monsterinsights_skip_tracking":false,"_monsterinsights_sitenote_active":false,"_monsterinsights_sitenote_note":"","_monsterinsights_sitenote_category":0,"footnotes":""},"categories":[293,2],"tags":[148,113,307],"class_list":{"0":"post-2774","1":"post","2":"type-post","3":"status-publish","4":"format-standard","5":"has-post-thumbnail","7":"category-exclusivo","8":"category-foco","9":"tag-cepelos","10":"tag-turismo","11":"tag-vilar"},"aioseo_notices":[],"_links":{"self":[{"href":"https:\/\/avozdecambra.pt\/index.php?rest_route=\/wp\/v2\/posts\/2774","targetHints":{"allow":["GET"]}}],"collection":[{"href":"https:\/\/avozdecambra.pt\/index.php?rest_route=\/wp\/v2\/posts"}],"about":[{"href":"https:\/\/avozdecambra.pt\/index.php?rest_route=\/wp\/v2\/types\/post"}],"author":[{"embeddable":true,"href":"https:\/\/avozdecambra.pt\/index.php?rest_route=\/wp\/v2\/users\/5"}],"replies":[{"embeddable":true,"href":"https:\/\/avozdecambra.pt\/index.php?rest_route=%2Fwp%2Fv2%2Fcomments&post=2774"}],"version-history":[{"count":2,"href":"https:\/\/avozdecambra.pt\/index.php?rest_route=\/wp\/v2\/posts\/2774\/revisions"}],"predecessor-version":[{"id":2788,"href":"https:\/\/avozdecambra.pt\/index.php?rest_route=\/wp\/v2\/posts\/2774\/revisions\/2788"}],"wp:featuredmedia":[{"embeddable":true,"href":"https:\/\/avozdecambra.pt\/index.php?rest_route=\/wp\/v2\/media\/2775"}],"wp:attachment":[{"href":"https:\/\/avozdecambra.pt\/index.php?rest_route=%2Fwp%2Fv2%2Fmedia&parent=2774"}],"wp:term":[{"taxonomy":"category","embeddable":true,"href":"https:\/\/avozdecambra.pt\/index.php?rest_route=%2Fwp%2Fv2%2Fcategories&post=2774"},{"taxonomy":"post_tag","embeddable":true,"href":"https:\/\/avozdecambra.pt\/index.php?rest_route=%2Fwp%2Fv2%2Ftags&post=2774"}],"curies":[{"name":"wp","href":"https:\/\/api.w.org\/{rel}","templated":true}]}}