{"id":2780,"date":"2021-04-06T11:38:10","date_gmt":"2021-04-06T11:38:10","guid":{"rendered":"http:\/\/avozdecambra.pt\/?p=2780"},"modified":"2021-04-06T21:50:48","modified_gmt":"2021-04-06T21:50:48","slug":"joana-soares-venceu-lugar-de-oboista-solo-da-orquestra-nacional-em-franca","status":"publish","type":"post","link":"https:\/\/avozdecambra.pt\/?p=2780","title":{"rendered":"Joana Soares vence lugar de obo\u00edsta solo em orquestra nacional em Bretagne &#8211;  Fran\u00e7a"},"content":{"rendered":"\n<p><strong>Joana Soares venceu o lugar de obo\u00edsta solo da orquestra nacional da Bretagne, em Fran\u00e7a aos 24 anos. De onde surgiu a paix\u00e3o pela m\u00fasica e quais os passos que teve de dar para chegar a concretizar uma das suas grandes ambi\u00e7\u00f5es no panorama musical, s\u00e3o algumas das respostas que pode encontrar na entrevista exclusiva ao jornal Voz de Cambra. <\/strong><\/p>\n\n\n\n<p>Na edi\u00e7\u00e3o impressa! J\u00e1 nas bancas!<\/p>\n\n\n\n<figure class=\"wp-block-image size-large\"><img loading=\"lazy\" decoding=\"async\" width=\"1024\" height=\"280\" src=\"http:\/\/avozdecambra.pt\/wp-content\/uploads\/2021\/03\/site_image_final-1024x280.jpg\" alt=\"S\u00edmbolo - Informa\u00e7\u00e3o exclusiva\" class=\"wp-image-2633\" srcset=\"https:\/\/avozdecambra.pt\/wp-content\/uploads\/2021\/03\/site_image_final-1024x280.jpg 1024w, https:\/\/avozdecambra.pt\/wp-content\/uploads\/2021\/03\/site_image_final-300x82.jpg 300w, https:\/\/avozdecambra.pt\/wp-content\/uploads\/2021\/03\/site_image_final-768x210.jpg 768w, https:\/\/avozdecambra.pt\/wp-content\/uploads\/2021\/03\/site_image_final-1536x420.jpg 1536w, https:\/\/avozdecambra.pt\/wp-content\/uploads\/2021\/03\/site_image_final-2048x560.jpg 2048w\" sizes=\"auto, (max-width: 1024px) 100vw, 1024px\" \/><\/figure>\n\n\n\n<p><\/p>\n","protected":false},"excerpt":{"rendered":"<p>Joana Soares venceu o lugar de obo\u00edsta solo da orquestra nacional da Bretagne, em Fran\u00e7a aos 24 anos. De onde surgiu a paix\u00e3o pela m\u00fasica e quais os passos que teve de dar para chegar a concretizar uma das suas grandes ambi\u00e7\u00f5es no panorama musical, s\u00e3o algumas das respostas que pode encontrar na entrevista exclusiva<\/p>\n","protected":false},"author":5,"featured_media":2783,"comment_status":"open","ping_status":"open","sticky":false,"template":"","format":"standard","meta":{"_monsterinsights_skip_tracking":false,"_monsterinsights_sitenote_active":false,"_monsterinsights_sitenote_note":"","_monsterinsights_sitenote_category":0,"footnotes":""},"categories":[3,293],"tags":[308,309],"class_list":{"0":"post-2780","1":"post","2":"type-post","3":"status-publish","4":"format-standard","5":"has-post-thumbnail","7":"category-entrevista","8":"category-exclusivo","9":"tag-joana-soares","10":"tag-musica"},"aioseo_notices":[],"_links":{"self":[{"href":"https:\/\/avozdecambra.pt\/index.php?rest_route=\/wp\/v2\/posts\/2780","targetHints":{"allow":["GET"]}}],"collection":[{"href":"https:\/\/avozdecambra.pt\/index.php?rest_route=\/wp\/v2\/posts"}],"about":[{"href":"https:\/\/avozdecambra.pt\/index.php?rest_route=\/wp\/v2\/types\/post"}],"author":[{"embeddable":true,"href":"https:\/\/avozdecambra.pt\/index.php?rest_route=\/wp\/v2\/users\/5"}],"replies":[{"embeddable":true,"href":"https:\/\/avozdecambra.pt\/index.php?rest_route=%2Fwp%2Fv2%2Fcomments&post=2780"}],"version-history":[{"count":8,"href":"https:\/\/avozdecambra.pt\/index.php?rest_route=\/wp\/v2\/posts\/2780\/revisions"}],"predecessor-version":[{"id":2807,"href":"https:\/\/avozdecambra.pt\/index.php?rest_route=\/wp\/v2\/posts\/2780\/revisions\/2807"}],"wp:featuredmedia":[{"embeddable":true,"href":"https:\/\/avozdecambra.pt\/index.php?rest_route=\/wp\/v2\/media\/2783"}],"wp:attachment":[{"href":"https:\/\/avozdecambra.pt\/index.php?rest_route=%2Fwp%2Fv2%2Fmedia&parent=2780"}],"wp:term":[{"taxonomy":"category","embeddable":true,"href":"https:\/\/avozdecambra.pt\/index.php?rest_route=%2Fwp%2Fv2%2Fcategories&post=2780"},{"taxonomy":"post_tag","embeddable":true,"href":"https:\/\/avozdecambra.pt\/index.php?rest_route=%2Fwp%2Fv2%2Ftags&post=2780"}],"curies":[{"name":"wp","href":"https:\/\/api.w.org\/{rel}","templated":true}]}}