{"id":3083,"date":"2021-05-17T15:27:00","date_gmt":"2021-05-17T15:27:00","guid":{"rendered":"http:\/\/avozdecambra.pt\/?p=3083"},"modified":"2021-05-21T12:27:30","modified_gmt":"2021-05-21T12:27:30","slug":"voz-de-cambra-lanca-revista-o-orbitario-com-foco-nas-riquezas-patrimoniais-do-concelho","status":"publish","type":"post","link":"https:\/\/avozdecambra.pt\/?p=3083","title":{"rendered":"Voz de Cambra lan\u00e7a revista \u2018O \u00adOrbit\u00e1rio\u2019 com foco nas riquezas \u00adpatrimoniais do concelho"},"content":{"rendered":"\n<p><em>No m\u00eas em que assinala meio s\u00e9culo de vida, o jornal Voz de Cambra lan\u00e7a o primeiro n\u00famero da revista O Orbit\u00e1rio \u2013 Colet\u00e2nea de estudos sobre Vale de Cambra. A primeira edi\u00e7\u00e3o, traz reflex\u00f5es de estudiosos em v\u00e1rias \u00e1reas do conhecimento, que se debru\u00e7aram sobre as riquezas patrimoniais do concelho e pretende perpetuar as suas mem\u00f3rias coletivas.&nbsp;<\/em><\/p>\n\n\n\n<p><\/p>\n\n\n\n<p>A Voz de Cambra&nbsp;acaba de lan\u00e7ar o primeiro n\u00famero de uma revista anual, que tem como objetivo publicar produ\u00e7\u00f5es cient\u00edficas que v\u00e3o desde a diversidade cultural \u00e0 metodologia de pesquisa, abrangendo \u00e1reas do conhecimento como: Arqueologia, Arquitetura, Artes Pl\u00e1sticas e Visuais, Ci\u00eancias Naturais, Hist\u00f3ria, Literatura, entre muitas outras.&nbsp;<\/p>\n\n\n\n<p>Os t\u00f3picos desta primeira edi\u00e7\u00e3o surgem de estudos e investiga\u00e7\u00f5es rigorosas dos seus autores, que, por meio de teses e recens\u00f5es, documentam e divulgam os interesses naturais, materiais e imateriais de Vale de Cambra e mostram aqui os novos caminhos para o seu conhecimento e pensamento cr\u00edtico, atrav\u00e9s de reflex\u00f5es e conclus\u00f5es variadas.<\/p>\n\n\n\n<p>Para al\u00e9m dos artigos, a revista cont\u00e9m fotografias \u00fanicas que pretendem perpetuar as mem\u00f3rias coletivas do concelho.&nbsp;<\/p>\n\n\n\n<p>Neste n\u00famero est\u00e3o presentes os tema: Biografia, com um artigo sobre Arlindo Soares de Pinho, um dos pioneiros da ind\u00fastria do concelho; Ci\u00eancias Biol\u00f3gicas, com um artigo sobre a avifauna local; Demografia, com um artigo sobre a mobilidade e o dinamismo por via do casamento; Arte Contempor\u00e2nea, com um artigo sobre a Arte em espa\u00e7os p\u00fablicos; Hist\u00f3ria, com um artigo que evoca os 200 anos da extin\u00e7\u00e3o do Tribunal do Santo Of\u00edcio; Arquitetura, com um artigo sobre a igreja-santu\u00e1rio de Santo Ant\u00f3nio; Imprensa, com um artigo sobre os dois primeiros jornais concelhios; e Arte Sacra e Iconografia, com um artigo sobre o teto de caixot\u00e3o da igreja matriz de Roge. A revista inicia ainda com um artigo sobre a Funda\u00e7\u00e3o Il\u00eddio Pinho, projeto de preocupa\u00e7\u00e3o e cuidado m\u00e1ximos para com a Ci\u00eancia e a Tecnologia em Portugal.&nbsp; &nbsp;<\/p>\n\n\n\n<p>A edi\u00e7\u00e3o da revista \u00e9 da responsabilidade do jornal Voz de Cambra e tem como coordena\u00e7\u00e3o os investigadores Maria Clara de Paiva Vide Marques e Pedro Su\u00e1rez, fundadores d\u2019O Orbit\u00e1rio, que pretendem, com esta revista, encetar um novo cap\u00edtulo no concelho.&nbsp;<\/p>\n\n\n\n<p>\u201cO Orbit\u00e1rio \u2013 Colet\u00e2nea de estudos sobre Vale de Cambra oficializa e radica a Cultura, nas suas diversas vertentes, a par de um conjunto de val\u00eancias que se querem preservadas, como a valoriza\u00e7\u00e3o da atividade investigativa, a lisura de conte\u00fados informativos e a defer\u00eancia por aquilo que faz parte de n\u00f3s, individual e coletivamente\u201d, referem os coordenadores da revista. &nbsp;<\/p>\n\n\n\n<p>&nbsp;Para tornar poss\u00edvel este projeto, cont\u00e1mos com a colabora\u00e7\u00e3o de v\u00e1rios investigadores, autores dos textos publicados, mas tamb\u00e9m com o apoio da Funda\u00e7\u00e3o Il\u00eddio Pinho, institui\u00e7\u00e3o dedicada \u00e0 promo\u00e7\u00e3o e ao desenvolvimento da sociedade por via do apoio \u00e0 Cultura.<\/p>\n\n\n\n<p><strong>Para adquirir esta revista, pode enviar um e-mail para geral@avozdecambra.pt ou contactar o jornal Voz de Cambra, atrav\u00e9s dos contactos que constam na ficha t\u00e9cnica.<\/strong>&nbsp;<\/p>\n","protected":false},"excerpt":{"rendered":"<p>No m\u00eas em que assinala meio s\u00e9culo de vida, o jornal Voz de Cambra lan\u00e7a o primeiro n\u00famero da revista O Orbit\u00e1rio \u2013 Colet\u00e2nea de estudos sobre Vale de Cambra. A primeira edi\u00e7\u00e3o, traz reflex\u00f5es de estudiosos em v\u00e1rias \u00e1reas do conhecimento, que se debru\u00e7aram sobre as riquezas patrimoniais do concelho e pretende perpetuar as<\/p>\n","protected":false},"author":1,"featured_media":3084,"comment_status":"open","ping_status":"open","sticky":false,"template":"","format":"standard","meta":{"_monsterinsights_skip_tracking":false,"_monsterinsights_sitenote_active":false,"_monsterinsights_sitenote_note":"","_monsterinsights_sitenote_category":0,"footnotes":""},"categories":[377,1],"tags":[378,379,381],"class_list":{"0":"post-3083","1":"post","2":"type-post","3":"status-publish","4":"format-standard","5":"has-post-thumbnail","7":"category-50-anos-voz-de-cambra","8":"category-atual","9":"tag-378","10":"tag-maio2021","11":"tag-revista-orbitario"},"aioseo_notices":[],"_links":{"self":[{"href":"https:\/\/avozdecambra.pt\/index.php?rest_route=\/wp\/v2\/posts\/3083","targetHints":{"allow":["GET"]}}],"collection":[{"href":"https:\/\/avozdecambra.pt\/index.php?rest_route=\/wp\/v2\/posts"}],"about":[{"href":"https:\/\/avozdecambra.pt\/index.php?rest_route=\/wp\/v2\/types\/post"}],"author":[{"embeddable":true,"href":"https:\/\/avozdecambra.pt\/index.php?rest_route=\/wp\/v2\/users\/1"}],"replies":[{"embeddable":true,"href":"https:\/\/avozdecambra.pt\/index.php?rest_route=%2Fwp%2Fv2%2Fcomments&post=3083"}],"version-history":[{"count":2,"href":"https:\/\/avozdecambra.pt\/index.php?rest_route=\/wp\/v2\/posts\/3083\/revisions"}],"predecessor-version":[{"id":3120,"href":"https:\/\/avozdecambra.pt\/index.php?rest_route=\/wp\/v2\/posts\/3083\/revisions\/3120"}],"wp:featuredmedia":[{"embeddable":true,"href":"https:\/\/avozdecambra.pt\/index.php?rest_route=\/wp\/v2\/media\/3084"}],"wp:attachment":[{"href":"https:\/\/avozdecambra.pt\/index.php?rest_route=%2Fwp%2Fv2%2Fmedia&parent=3083"}],"wp:term":[{"taxonomy":"category","embeddable":true,"href":"https:\/\/avozdecambra.pt\/index.php?rest_route=%2Fwp%2Fv2%2Fcategories&post=3083"},{"taxonomy":"post_tag","embeddable":true,"href":"https:\/\/avozdecambra.pt\/index.php?rest_route=%2Fwp%2Fv2%2Ftags&post=3083"}],"curies":[{"name":"wp","href":"https:\/\/api.w.org\/{rel}","templated":true}]}}