{"id":3677,"date":"2021-08-02T18:43:49","date_gmt":"2021-08-02T18:43:49","guid":{"rendered":"http:\/\/avozdecambra.pt\/?p=3677"},"modified":"2021-08-02T21:55:53","modified_gmt":"2021-08-02T21:55:53","slug":"jose-pinheiro-formaliza-candidatura-autarquica-com-entrega-das-listas-de-candidatos","status":"publish","type":"post","link":"https:\/\/avozdecambra.pt\/?p=3677","title":{"rendered":"Jos\u00e9 Pinheiro formaliza candidatura aut\u00e1rquica com entrega das listas de candidatos"},"content":{"rendered":"\n<p><strong>A candidatura do CDS\/PP de Vale de Cambra \u00e0s elei\u00e7\u00f5es aut\u00e1rquicas est\u00e1 oficialmente formalizada com a entrega, esta segunda-feira, das listas de candidatos no Tribunal de Vale de Cambra.&nbsp;<\/strong><\/p>\n\n\n\n<p>Jos\u00e9 Pinheiro lidera uma equipa, na sua maioria, recandidatos, mas tamb\u00e9m com algumas novidades. Ant\u00f3nio Alberto Gomes, continua a ser a escolha n\u00famero dois dos centristas para a C\u00e2mara, seguido-se, pela primeira vez, a candidata M\u00f3nica Seixas. O n\u00famero quatro da lista, passou a ser Jos\u00e9 Alexandre Pinho e, de seguida, tamb\u00e9m pela primeira vez, Andr\u00e9 Silva. Na lista de candidatos \u00e0 C\u00e2mara segue-se Ana Vieira;&nbsp;Jo\u00e3o Alves;&nbsp;Paula Alves; Cristina Martins;&nbsp;Vicente Almeida;&nbsp;Catarina Pinto,&nbsp;Jos\u00e9 Jesus; Cristina Tavares e Diana Azevedo.&nbsp;<br><\/p>\n\n\n\n<p>\u00c0 Assembleia Municipal, a candidatura centrista vai levar novamente Miguel Paiva como cabe\u00e7a de lista e \u00e0s juntas de freguesia, os seis atuais presidentes: Ar\u00f5es, Arm\u00e9nio Lige; Junqueira, Henrique Pereira; Cepelos, Nelson Almeida; R\u00f4ge, Ant\u00f3nio Costa; S. Pedro de Castel\u00f5es, S\u00e9rgio Soares e Uni\u00e3o de freguesias de Vila Ch\u00e3, Codal e Vila Cova de Pertinho, Manuel Campos. \u00c0 freguesia de Macieira de Cambra, liderada pelo PS nestes \u00faltimos mandatos, os centristas escolheram o candidato Jos\u00e9 Barbosa, que tamb\u00e9m concorreu \u00e0s aut\u00e1rquicas de 2017.\u00a0<\/p>\n\n\n\n<p>A apresenta\u00e7\u00e3o das listas ficou a cargo do mandat\u00e1rio, Pedro Magalh\u00e3es que referiu que esta candidatura, liderada por Jos\u00e9 Pinheiro, representa, \u201cserenidade, seriedade, confian\u00e7a e proximidade\u201d.&nbsp;<\/p>\n","protected":false},"excerpt":{"rendered":"<p>A candidatura do CDS\/PP de Vale de Cambra \u00e0s elei\u00e7\u00f5es aut\u00e1rquicas est\u00e1 oficialmente formalizada com a entrega, esta segunda-feira, das listas de candidatos no Tribunal de Vale de Cambra.&nbsp; Jos\u00e9 Pinheiro lidera uma equipa, na sua maioria, recandidatos, mas tamb\u00e9m com algumas novidades. Ant\u00f3nio Alberto Gomes, continua a ser a escolha n\u00famero dois dos centristas<\/p>\n","protected":false},"author":5,"featured_media":3696,"comment_status":"open","ping_status":"open","sticky":false,"template":"","format":"standard","meta":{"_monsterinsights_skip_tracking":false,"_monsterinsights_sitenote_active":false,"_monsterinsights_sitenote_note":"","_monsterinsights_sitenote_category":0,"footnotes":""},"categories":[1,345],"tags":[346,344,451],"class_list":{"0":"post-3677","1":"post","2":"type-post","3":"status-publish","4":"format-standard","5":"has-post-thumbnail","7":"category-atual","8":"category-autarquicas-2021","9":"tag-autarquicas-2021","10":"tag-cds-pp-2","11":"tag-entrega-de-listas"},"aioseo_notices":[],"_links":{"self":[{"href":"https:\/\/avozdecambra.pt\/index.php?rest_route=\/wp\/v2\/posts\/3677","targetHints":{"allow":["GET"]}}],"collection":[{"href":"https:\/\/avozdecambra.pt\/index.php?rest_route=\/wp\/v2\/posts"}],"about":[{"href":"https:\/\/avozdecambra.pt\/index.php?rest_route=\/wp\/v2\/types\/post"}],"author":[{"embeddable":true,"href":"https:\/\/avozdecambra.pt\/index.php?rest_route=\/wp\/v2\/users\/5"}],"replies":[{"embeddable":true,"href":"https:\/\/avozdecambra.pt\/index.php?rest_route=%2Fwp%2Fv2%2Fcomments&post=3677"}],"version-history":[{"count":9,"href":"https:\/\/avozdecambra.pt\/index.php?rest_route=\/wp\/v2\/posts\/3677\/revisions"}],"predecessor-version":[{"id":3698,"href":"https:\/\/avozdecambra.pt\/index.php?rest_route=\/wp\/v2\/posts\/3677\/revisions\/3698"}],"wp:featuredmedia":[{"embeddable":true,"href":"https:\/\/avozdecambra.pt\/index.php?rest_route=\/wp\/v2\/media\/3696"}],"wp:attachment":[{"href":"https:\/\/avozdecambra.pt\/index.php?rest_route=%2Fwp%2Fv2%2Fmedia&parent=3677"}],"wp:term":[{"taxonomy":"category","embeddable":true,"href":"https:\/\/avozdecambra.pt\/index.php?rest_route=%2Fwp%2Fv2%2Fcategories&post=3677"},{"taxonomy":"post_tag","embeddable":true,"href":"https:\/\/avozdecambra.pt\/index.php?rest_route=%2Fwp%2Fv2%2Ftags&post=3677"}],"curies":[{"name":"wp","href":"https:\/\/api.w.org\/{rel}","templated":true}]}}