{"id":4063,"date":"2021-09-15T14:20:22","date_gmt":"2021-09-15T14:20:22","guid":{"rendered":"http:\/\/avozdecambra.pt\/?p=4063"},"modified":"2021-09-15T14:46:43","modified_gmt":"2021-09-15T14:46:43","slug":"autarquicas-paulo-portas-veio-a-vale-de-cambra-apoiar-quem-ja-o-apoiou-na-candidatura-de-jose-pinheiro","status":"publish","type":"post","link":"https:\/\/avozdecambra.pt\/?p=4063","title":{"rendered":"Aut\u00e1rquicas. Paulo Portas veio a Vale de Cambra apoiar candidatura CDS de Jos\u00e9 Pinheiro\u00a0"},"content":{"rendered":"\n<p>Aut\u00e1rquicas. Paulo Portas veio a Vale de Cambra apoiar quem j\u00e1 o apoiou na candidatura CDS de Jos\u00e9 Pinheiro<\/p>\n\n\n\n<p><strong>Paulo Portas esteve esta quarta-feira em Vale de Cambra para apoiar quem j\u00e1 o apoiou, referiu o antigo l\u00edder do CDS-PP.\u00a0<\/strong><\/p>\n\n\n\n<p>O ex-presidente centrista refere-se a Jos\u00e9 Pinheiro, cabe\u00e7a de lista do partido no concelho de Vale de Cambra, classificando esta a\u00e7\u00e3o como um gesto que representa \u201cagradecimento e estimulo\u201d.&nbsp;<\/p>\n\n\n\n<p>\u201cQuando precisei de ajuda da equipa do CDS, aqui em Vale de Cambra, sempre a tive e, por isso, vim manifestar a minha admira\u00e7\u00e3o pela equipa do Jos\u00e9 Pinheiro\u201d, referiu.&nbsp;<\/p>\n\n\n\n<p>Mesmo afastado da vida pol\u00edtica, Paulo Portas quis estar presente e ao lado&nbsp;dos centristas valecambrenses no combate eleitoral \u00e0 C\u00e2mara de Vale de Cambra, por considerar que, at\u00e9 aqui, &#8220;t\u00eam dado provas do seu desempenho\u201d.&nbsp;<\/p>\n\n\n\n<p>\u201c\u00c9 um concelho que teve muito cuidado com a d\u00edvida, um concelho onde os impostos, que dependem do munic\u00edpio, s\u00e3o baixos e, um concelho que tem os pre\u00e7os da \u00e1gua mais baixos da \u00c1rea Metropolitana do Porto\u201d, especificou.&nbsp;<\/p>\n\n\n\n<p>O antigo vice-primeiro ministro elogiou ainda o aproveitamento que o concelho fez dos recursos vindos de fundos comunit\u00e1rios e lembrou a oportunidade que Vale de Cambra tem para tirar proveito das verbas do Plano de Recupera\u00e7\u00e3o e Resili\u00eancia (PRR), principalmente no setor privado.&nbsp;<\/p>\n\n\n\n<p>\u201cEspero que concelhos como este, com um grau de empreendedorismo e inova\u00e7\u00e3o como \u00e9 Vale de Cambra aproveitem bem este Plano\u201d, sublinha.&nbsp;<\/p>\n\n\n\n<p>Paulo Portas critica o PRR por apenas um ter\u00e7o das verbas se destinar ao setor privado, lembrando o peso superior do investimento privado na economia, que representa cerca de 80% dos postos de trabalho mas, ainda assim, lembra que \u00e9 &#8220;uma oportunidade para a economia&#8221;.  &nbsp;<\/p>\n","protected":false},"excerpt":{"rendered":"<p>Aut\u00e1rquicas. Paulo Portas veio a Vale de Cambra apoiar quem j\u00e1 o apoiou na candidatura CDS de Jos\u00e9 Pinheiro Paulo Portas esteve esta quarta-feira em Vale de Cambra para apoiar quem j\u00e1 o apoiou, referiu o antigo l\u00edder do CDS-PP.\u00a0 O ex-presidente centrista refere-se a Jos\u00e9 Pinheiro, cabe\u00e7a de lista do partido no concelho de<\/p>\n","protected":false},"author":5,"featured_media":4064,"comment_status":"open","ping_status":"open","sticky":false,"template":"","format":"standard","meta":{"_monsterinsights_skip_tracking":false,"_monsterinsights_sitenote_active":false,"_monsterinsights_sitenote_note":"","_monsterinsights_sitenote_category":0,"footnotes":""},"categories":[1,345],"tags":[346,145,488],"class_list":{"0":"post-4063","1":"post","2":"type-post","3":"status-publish","4":"format-standard","5":"has-post-thumbnail","7":"category-atual","8":"category-autarquicas-2021","9":"tag-autarquicas-2021","10":"tag-cds-pp","11":"tag-paulo-portas"},"aioseo_notices":[],"_links":{"self":[{"href":"https:\/\/avozdecambra.pt\/index.php?rest_route=\/wp\/v2\/posts\/4063","targetHints":{"allow":["GET"]}}],"collection":[{"href":"https:\/\/avozdecambra.pt\/index.php?rest_route=\/wp\/v2\/posts"}],"about":[{"href":"https:\/\/avozdecambra.pt\/index.php?rest_route=\/wp\/v2\/types\/post"}],"author":[{"embeddable":true,"href":"https:\/\/avozdecambra.pt\/index.php?rest_route=\/wp\/v2\/users\/5"}],"replies":[{"embeddable":true,"href":"https:\/\/avozdecambra.pt\/index.php?rest_route=%2Fwp%2Fv2%2Fcomments&post=4063"}],"version-history":[{"count":6,"href":"https:\/\/avozdecambra.pt\/index.php?rest_route=\/wp\/v2\/posts\/4063\/revisions"}],"predecessor-version":[{"id":4072,"href":"https:\/\/avozdecambra.pt\/index.php?rest_route=\/wp\/v2\/posts\/4063\/revisions\/4072"}],"wp:featuredmedia":[{"embeddable":true,"href":"https:\/\/avozdecambra.pt\/index.php?rest_route=\/wp\/v2\/media\/4064"}],"wp:attachment":[{"href":"https:\/\/avozdecambra.pt\/index.php?rest_route=%2Fwp%2Fv2%2Fmedia&parent=4063"}],"wp:term":[{"taxonomy":"category","embeddable":true,"href":"https:\/\/avozdecambra.pt\/index.php?rest_route=%2Fwp%2Fv2%2Fcategories&post=4063"},{"taxonomy":"post_tag","embeddable":true,"href":"https:\/\/avozdecambra.pt\/index.php?rest_route=%2Fwp%2Fv2%2Ftags&post=4063"}],"curies":[{"name":"wp","href":"https:\/\/api.w.org\/{rel}","templated":true}]}}