{"id":4075,"date":"2021-09-15T17:16:12","date_gmt":"2021-09-15T17:16:12","guid":{"rendered":"http:\/\/avozdecambra.pt\/?p=4075"},"modified":"2021-09-15T17:18:56","modified_gmt":"2021-09-15T17:18:56","slug":"romeu-serralva-e-o-diretor-de-campanha-do-psd-de-vale-de-cambra","status":"publish","type":"post","link":"https:\/\/avozdecambra.pt\/?p=4075","title":{"rendered":"Romeu Serralva \u00e9 o diretor de campanha do PSD de Vale de Cambra\u00a0"},"content":{"rendered":"\n<p><strong>O antigo secret\u00e1rio geral da comiss\u00e3o pol\u00edtica distrital de Aveiro \u00e9 o diretor de campanha do PSD na corrida aut\u00e1rquica a Vale de Cambra.<\/strong><\/p>\n\n\n\n<p>Romeu Serralva, natural de Santa Maria da Feira \u00e9 o diretor de campanha do PSD de Vale de Cambra, anunciou o partido em nota e imprensa ao Voz de Cambra.<\/p>\n\n\n\n<p>O diretor da campanha disse ter aceitado o convite por acreditar que \u201cVale de cambra precisa de uma enorme mudan\u00e7a\u201d.&nbsp;<\/p>\n\n\n\n<p>\u201cEstes oito anos de governa\u00e7\u00e3o do CDS representam um atraso brutal para o concelho e n\u00e3o podemos assistir a isto imp\u00e1vidos e serenos\u201d, refere a nota.&nbsp;<\/p>\n\n\n\n<p>O presidente da concelhia e candidato \u00e0 Assembleia Municipal nestas elei\u00e7\u00f5es, refere-se a Romeu Serralva como \u201cum homem s\u00e9rio, competente e de uma solidariedade \u00edmpar\u201d, que vai \u201ctrazer uma nova din\u00e2mica a esta&nbsp;campanha&nbsp;de modo a levar a todos os cambrenses o nosso projeto\u201d, conclui.&nbsp;<\/p>\n","protected":false},"excerpt":{"rendered":"<p>O antigo secret\u00e1rio geral da comiss\u00e3o pol\u00edtica distrital de Aveiro \u00e9 o diretor de campanha do PSD na corrida aut\u00e1rquica a Vale de Cambra. Romeu Serralva, natural de Santa Maria da Feira \u00e9 o diretor de campanha do PSD de Vale de Cambra, anunciou o partido em nota e imprensa ao Voz de Cambra. O<\/p>\n","protected":false},"author":5,"featured_media":4078,"comment_status":"open","ping_status":"open","sticky":false,"template":"","format":"standard","meta":{"_monsterinsights_skip_tracking":false,"_monsterinsights_sitenote_active":false,"_monsterinsights_sitenote_note":"","_monsterinsights_sitenote_category":0,"footnotes":""},"categories":[1,345],"tags":[346,172,489],"class_list":{"0":"post-4075","1":"post","2":"type-post","3":"status-publish","4":"format-standard","5":"has-post-thumbnail","7":"category-atual","8":"category-autarquicas-2021","9":"tag-autarquicas-2021","10":"tag-psd-de-vale-de-cambra","11":"tag-romeu-serralva"},"aioseo_notices":[],"_links":{"self":[{"href":"https:\/\/avozdecambra.pt\/index.php?rest_route=\/wp\/v2\/posts\/4075","targetHints":{"allow":["GET"]}}],"collection":[{"href":"https:\/\/avozdecambra.pt\/index.php?rest_route=\/wp\/v2\/posts"}],"about":[{"href":"https:\/\/avozdecambra.pt\/index.php?rest_route=\/wp\/v2\/types\/post"}],"author":[{"embeddable":true,"href":"https:\/\/avozdecambra.pt\/index.php?rest_route=\/wp\/v2\/users\/5"}],"replies":[{"embeddable":true,"href":"https:\/\/avozdecambra.pt\/index.php?rest_route=%2Fwp%2Fv2%2Fcomments&post=4075"}],"version-history":[{"count":1,"href":"https:\/\/avozdecambra.pt\/index.php?rest_route=\/wp\/v2\/posts\/4075\/revisions"}],"predecessor-version":[{"id":4077,"href":"https:\/\/avozdecambra.pt\/index.php?rest_route=\/wp\/v2\/posts\/4075\/revisions\/4077"}],"wp:featuredmedia":[{"embeddable":true,"href":"https:\/\/avozdecambra.pt\/index.php?rest_route=\/wp\/v2\/media\/4078"}],"wp:attachment":[{"href":"https:\/\/avozdecambra.pt\/index.php?rest_route=%2Fwp%2Fv2%2Fmedia&parent=4075"}],"wp:term":[{"taxonomy":"category","embeddable":true,"href":"https:\/\/avozdecambra.pt\/index.php?rest_route=%2Fwp%2Fv2%2Fcategories&post=4075"},{"taxonomy":"post_tag","embeddable":true,"href":"https:\/\/avozdecambra.pt\/index.php?rest_route=%2Fwp%2Fv2%2Ftags&post=4075"}],"curies":[{"name":"wp","href":"https:\/\/api.w.org\/{rel}","templated":true}]}}