{"id":5961,"date":"2022-06-16T12:06:42","date_gmt":"2022-06-16T12:06:42","guid":{"rendered":"http:\/\/avozdecambra.pt\/?p=5961"},"modified":"2022-06-16T12:32:01","modified_gmt":"2022-06-16T12:32:01","slug":"valpec-promove-open-days-de-inspiracao-e-construcao","status":"publish","type":"post","link":"https:\/\/avozdecambra.pt\/?p=5961","title":{"rendered":"Valpec promove \u201copen days\u201d de inspira\u00e7\u00e3o e constru\u00e7\u00e3o\u00a0esta sexta e s\u00e1bado"},"content":{"rendered":"\n<p><strong>A edi\u00e7\u00e3o 2022 do Open Day Valpec &#8211; evento dedicado \u00e0 apresenta\u00e7\u00e3o das marcas e produtos, onde estar\u00e3o presentes a inspira\u00e7\u00e3o e a constru\u00e7\u00e3o &#8211; acontece esta sexta-feira e s\u00e1bado, dias 17 e 18 de junho, das 9h \u00e0s 18h30, nas instala\u00e7\u00f5es de Vale de Cambra.&nbsp;<\/strong><\/p>\n\n\n\n<p>O prop\u00f3sito da iniciativa \u00e9 estabelecer um contacto directo entre a popula\u00e7\u00e3o e a Valpec, uma empresa de Bricolage e Agricultura com mais de 35 anos de experi\u00eancia, com tr\u00eas lojas abertas ao p\u00fablico e loja online,&nbsp;em <a href=\"http:\/\/www.valpec.com\/?fbclid=IwAR0-5ZZneQpWcXZp6_tDuLUpVVvi-yuzCPdD_aqpPQwwf3O0B0dBE9zwlvM\">www.valpec.com<\/a>,&nbsp;com mais de 50.000 refer\u00eancias em cat\u00e1logo.&nbsp;<\/p>\n\n\n\n<p>A edi\u00e7\u00e3o deste ano do Open Day vai reunir as melhores marcas nacionais e internacionais, com v\u00e1rias \u00e1reas de exposi\u00e7\u00e3o ligadas aos setores da Constru\u00e7\u00e3o, Ind\u00fastria, Agricultura, Casa e Jardim, Bricolage, Vedantes e Isolantes, M\u00e1quinas e Ferramentas.<\/p>\n\n\n\n<p>Os dois dias abertos ao p\u00fablico servir\u00e3o ainda para apresentar as \u00faltimas novidades dos setores de atividade, demonstra\u00e7\u00f5es de produto, workshops t\u00e9cnicos e experi\u00eancias DIY (Fa\u00e7a voc\u00ea mesmo).<\/p>\n\n\n\n<p>Com esta iniciativa, a Valpec pretende consolidar a sua posi\u00e7\u00e3o enquanto facilitador na partilha de solu\u00e7\u00f5es, conhecimento, forma\u00e7\u00e3o e apoio t\u00e9cnico no momento da compra e p\u00f3s-venda.<\/p>\n\n\n\n<p>Esta sexta-feira e s\u00e1bado, todos os caminhos v\u00e3o dar \u00e0 Valpec, situada na estrada Adega Cooperativa Macieira de Cambra, em Vale de Cambra e beneficiar de descontos especiais, degusta\u00e7\u00f5es de produtos regionais, passatempos, brindes e muito mais.<\/p>\n\n\n\n<hr class=\"wp-block-separator\"\/>\n\n\n\n<p>A Valpec presta ainda consultoria agr\u00edcola, constru\u00e7\u00e3o civil e ind\u00fastria e servi\u00e7o personalizado de Banhos e Tosquias (Valpets) e integra o Grupo empresarial FLUX, s\u00f3lido e em franco crescimento nos mercados em que est\u00e1 presente.<\/p>\n\n\n\n<figure class=\"wp-block-gallery has-nested-images columns-default is-cropped wp-block-gallery-1 is-layout-flex wp-block-gallery-is-layout-flex\">\n<figure class=\"wp-block-image size-large\"><img loading=\"lazy\" decoding=\"async\" width=\"724\" height=\"1024\" data-id=\"5962\" src=\"http:\/\/avozdecambra.pt\/wp-content\/uploads\/2022\/06\/valpec--724x1024.jpg\" alt=\"\" class=\"wp-image-5962\" srcset=\"https:\/\/avozdecambra.pt\/wp-content\/uploads\/2022\/06\/valpec--724x1024.jpg 724w, https:\/\/avozdecambra.pt\/wp-content\/uploads\/2022\/06\/valpec--212x300.jpg 212w, https:\/\/avozdecambra.pt\/wp-content\/uploads\/2022\/06\/valpec--768x1086.jpg 768w, https:\/\/avozdecambra.pt\/wp-content\/uploads\/2022\/06\/valpec--1086x1536.jpg 1086w, https:\/\/avozdecambra.pt\/wp-content\/uploads\/2022\/06\/valpec--1448x2048.jpg 1448w, https:\/\/avozdecambra.pt\/wp-content\/uploads\/2022\/06\/valpec--scaled.jpg 1810w\" sizes=\"auto, (max-width: 724px) 100vw, 724px\" \/><\/figure>\n<\/figure>\n","protected":false},"excerpt":{"rendered":"<p>A edi\u00e7\u00e3o 2022 do Open Day Valpec &#8211; evento dedicado \u00e0 apresenta\u00e7\u00e3o das marcas e produtos, onde estar\u00e3o presentes a inspira\u00e7\u00e3o e a constru\u00e7\u00e3o &#8211; acontece esta sexta-feira e s\u00e1bado, dias 17 e 18 de junho, das 9h \u00e0s 18h30, nas instala\u00e7\u00f5es de Vale de Cambra.&nbsp; O prop\u00f3sito da iniciativa \u00e9 estabelecer um contacto directo<\/p>\n","protected":false},"author":5,"featured_media":5963,"comment_status":"open","ping_status":"open","sticky":false,"template":"","format":"standard","meta":{"_monsterinsights_skip_tracking":false,"_monsterinsights_sitenote_active":false,"_monsterinsights_sitenote_note":"","_monsterinsights_sitenote_category":0,"footnotes":""},"categories":[1,20],"tags":[652],"class_list":{"0":"post-5961","1":"post","2":"type-post","3":"status-publish","4":"format-standard","5":"has-post-thumbnail","7":"category-atual","8":"category-publireportagem","9":"tag-valpec"},"aioseo_notices":[],"_links":{"self":[{"href":"https:\/\/avozdecambra.pt\/index.php?rest_route=\/wp\/v2\/posts\/5961","targetHints":{"allow":["GET"]}}],"collection":[{"href":"https:\/\/avozdecambra.pt\/index.php?rest_route=\/wp\/v2\/posts"}],"about":[{"href":"https:\/\/avozdecambra.pt\/index.php?rest_route=\/wp\/v2\/types\/post"}],"author":[{"embeddable":true,"href":"https:\/\/avozdecambra.pt\/index.php?rest_route=\/wp\/v2\/users\/5"}],"replies":[{"embeddable":true,"href":"https:\/\/avozdecambra.pt\/index.php?rest_route=%2Fwp%2Fv2%2Fcomments&post=5961"}],"version-history":[{"count":2,"href":"https:\/\/avozdecambra.pt\/index.php?rest_route=\/wp\/v2\/posts\/5961\/revisions"}],"predecessor-version":[{"id":5965,"href":"https:\/\/avozdecambra.pt\/index.php?rest_route=\/wp\/v2\/posts\/5961\/revisions\/5965"}],"wp:featuredmedia":[{"embeddable":true,"href":"https:\/\/avozdecambra.pt\/index.php?rest_route=\/wp\/v2\/media\/5963"}],"wp:attachment":[{"href":"https:\/\/avozdecambra.pt\/index.php?rest_route=%2Fwp%2Fv2%2Fmedia&parent=5961"}],"wp:term":[{"taxonomy":"category","embeddable":true,"href":"https:\/\/avozdecambra.pt\/index.php?rest_route=%2Fwp%2Fv2%2Fcategories&post=5961"},{"taxonomy":"post_tag","embeddable":true,"href":"https:\/\/avozdecambra.pt\/index.php?rest_route=%2Fwp%2Fv2%2Ftags&post=5961"}],"curies":[{"name":"wp","href":"https:\/\/api.w.org\/{rel}","templated":true}]}}