{"id":605,"date":"2020-05-09T22:04:23","date_gmt":"2020-05-09T22:04:23","guid":{"rendered":"http:\/\/avozdecambra.pt\/?p=605"},"modified":"2020-05-09T22:20:12","modified_gmt":"2020-05-09T22:20:12","slug":"jose-pinheiro-enalteco-o-esforco-de-comerciantes-e-industriais-no-inicio-do-desconfinamento","status":"publish","type":"post","link":"https:\/\/avozdecambra.pt\/?p=605","title":{"rendered":"Jos\u00e9 Pinheiro: \u201cEnalte\u00e7o o esfor\u00e7o de comerciantes e industriais no in\u00edcio do desconfinamento\u201d"},"content":{"rendered":"\n<p><strong>O presidente da C\u00e2mara de Vale de Cambra enalteceu hoje o esfor\u00e7o de comerciantes e industriais do concelho nesta primeira semana de desconfinamento.<\/strong><\/p>\n\n\n\n<p>Jos\u00e9 Pinheiro felicitou os comerciantes porque cumpriram regras de distanciamento social.<\/p>\n\n\n\n<p>\u201c\u00c9 de enaltecer o esfor\u00e7o que os nossos comerciantes est\u00e3o a fazer depois da abertura das suas lojas, a todos parabenizo pelo trabalho que est\u00e3o a desenvolver\u201d, frisou.<\/p>\n\n\n\n<p>O autarca tamb\u00e9m elogiou o trabalho \u201crigoroso\u201d dos industriais pelo cumprimento das regras de prote\u00e7\u00e3o nas suas empresas.<\/p>\n\n\n\n<p>\u201cDeixo uma mensagem de felicita\u00e7\u00e3o pelas rigorosas regras de prote\u00e7\u00e3o implementadas nas empresas\u201d, referiu.<\/p>\n\n\n\n<p>O presidente da C\u00e2mara referiu que estas medidas permitiram que o n\u00famero de casos positivos nas empresas do concelho tenha sido reduzido, at\u00e9 ao momento.<\/p>\n\n\n\n<p>\u201cEstas medidas permitiram que, at\u00e9 ao momento, num universo de milhares de colaboradores seja residual o n\u00famero de casos positivos\u201d, frisou.<\/p>\n\n\n\n<p>Por isso, o edil voltou a lembrar a import\u00e2ncia de continuar a cumprir as regras da Dire\u00e7\u00e3o Geral de Sa\u00fade.<\/p>\n\n\n\n<p>\u201c\u00c9 importante que continuemos com esta postura para, em conjunto, reduzirmos o n\u00famero de infetados\u201d, refor\u00e7ou.<\/p>\n\n\n\n<p>O respons\u00e1vel pela prote\u00e7\u00e3o civil no concelho comunicou ainda, este s\u00e1bado, o n\u00famero de casos positivos em Vale de Cambra que sobe para os 155, mais um do que ontem e o n\u00famero de pessoas sob vigil\u00e2ncia ativa, que diminuiu para 50, menos tr\u00eas do que ontem.<\/p>\n","protected":false},"excerpt":{"rendered":"<p>O presidente da C\u00e2mara de Vale de Cambra enalteceu hoje o esfor\u00e7o de comerciantes e industriais do concelho nesta primeira semana de desconfinamento. Jos\u00e9 Pinheiro felicitou os comerciantes porque cumpriram regras de distanciamento social. \u201c\u00c9 de enaltecer o esfor\u00e7o que os nossos comerciantes est\u00e3o a fazer depois da abertura das suas lojas, a todos parabenizo<\/p>\n","protected":false},"author":5,"featured_media":607,"comment_status":"open","ping_status":"open","sticky":false,"template":"","format":"standard","meta":{"_monsterinsights_skip_tracking":false,"_monsterinsights_sitenote_active":false,"_monsterinsights_sitenote_note":"","_monsterinsights_sitenote_category":0,"footnotes":""},"categories":[1],"tags":[77,10,78,61],"class_list":{"0":"post-605","1":"post","2":"type-post","3":"status-publish","4":"format-standard","5":"has-post-thumbnail","7":"category-atual","8":"tag-comercio","9":"tag-covid-19","10":"tag-industria","11":"tag-jose-pinheiro"},"aioseo_notices":[],"_links":{"self":[{"href":"https:\/\/avozdecambra.pt\/index.php?rest_route=\/wp\/v2\/posts\/605","targetHints":{"allow":["GET"]}}],"collection":[{"href":"https:\/\/avozdecambra.pt\/index.php?rest_route=\/wp\/v2\/posts"}],"about":[{"href":"https:\/\/avozdecambra.pt\/index.php?rest_route=\/wp\/v2\/types\/post"}],"author":[{"embeddable":true,"href":"https:\/\/avozdecambra.pt\/index.php?rest_route=\/wp\/v2\/users\/5"}],"replies":[{"embeddable":true,"href":"https:\/\/avozdecambra.pt\/index.php?rest_route=%2Fwp%2Fv2%2Fcomments&post=605"}],"version-history":[{"count":1,"href":"https:\/\/avozdecambra.pt\/index.php?rest_route=\/wp\/v2\/posts\/605\/revisions"}],"predecessor-version":[{"id":606,"href":"https:\/\/avozdecambra.pt\/index.php?rest_route=\/wp\/v2\/posts\/605\/revisions\/606"}],"wp:featuredmedia":[{"embeddable":true,"href":"https:\/\/avozdecambra.pt\/index.php?rest_route=\/wp\/v2\/media\/607"}],"wp:attachment":[{"href":"https:\/\/avozdecambra.pt\/index.php?rest_route=%2Fwp%2Fv2%2Fmedia&parent=605"}],"wp:term":[{"taxonomy":"category","embeddable":true,"href":"https:\/\/avozdecambra.pt\/index.php?rest_route=%2Fwp%2Fv2%2Fcategories&post=605"},{"taxonomy":"post_tag","embeddable":true,"href":"https:\/\/avozdecambra.pt\/index.php?rest_route=%2Fwp%2Fv2%2Ftags&post=605"}],"curies":[{"name":"wp","href":"https:\/\/api.w.org\/{rel}","templated":true}]}}