{"id":6679,"date":"2022-09-14T14:17:14","date_gmt":"2022-09-14T14:17:14","guid":{"rendered":"http:\/\/avozdecambra.pt\/?p=6679"},"modified":"2022-09-14T16:05:04","modified_gmt":"2022-09-14T16:05:04","slug":"vacinacao-contra-a-covid-19-e-gripe-arranca-no-centro-de-vacinacao-de-vale-de-cambra-2a-4a-e-5a-das-9-as-17h","status":"publish","type":"post","link":"https:\/\/avozdecambra.pt\/?p=6679","title":{"rendered":"Vacina\u00e7\u00e3o contra a covid-19 e gripe arranca no Centro de Vacina\u00e7\u00e3o de Vale de Cambra &#8211; 2.\u00aas, 4.\u00aas e 5.\u00aas feiras das 9 \u00e0s 17h"},"content":{"rendered":"\n<p><strong>J\u00e1 arrancou a campanha sazonal contra a Covid-19 e a gripe. O Centro de Vacina\u00e7\u00e3o de Vale de Cambra &#8211; situado no edif\u00edcio da antiga Casa do Povo, em Macieira de Cambra &#8211; est\u00e1 a funcionar \u00e0s segundas, quartas e quintas-feiras, das 9 \u00e0s 17h.&nbsp;<\/strong><\/p>\n\n\n\n<p>\u00c0 semelhan\u00e7a do que tem sido habitual, o processo vai realizar-se por faixa et\u00e1ria decrescente, priorizando tamb\u00e9m as pessoas com comorbilidades associadas.<\/p>\n\n\n\n<p>Esta campanha abrange cerca de tr\u00eas milh\u00f5es de portugueses, sendo, que, pela primeira vez, ser\u00e3o utilizadas vacinas adaptadas \u00e0 variante \u00d3micron, mas apenas para efeito de refor\u00e7o vacinal.&nbsp;<\/p>\n\n\n\n<p>O processo vai prolongar-se at\u00e9 17 de dezembro e o objetivo \u00e9 vacinar cerca de tr\u00eas milh\u00f5es de pessoas.&nbsp;<\/p>\n\n\n\n<p>Em Vale de Cambra, o Centro de Vacina\u00e7\u00e3o j\u00e1 est\u00e1 a realizar a co-vacina\u00e7\u00e3o contra a gripe e Covid-19.<\/p>\n\n\n\n<p>Segundo informa\u00e7\u00e3o obtida, junto do novo diretor do Agrupamento de Centros de Sa\u00fade (ACeS) de Entre Douro e Vouga II &#8211; Aveiro\/Norte, Paulo Diz, o Centro de Vacina\u00e7\u00e3o de Vale de Cambra vai funcionar \u00e0s segundas, quartas e quintas-feiras, das 9h \u00e0s 17h.&nbsp;<\/p>\n\n\n\n<hr class=\"wp-block-separator has-alpha-channel-opacity\"\/>\n\n\n\n<h3 class=\"wp-block-heading\"><strong>O Voz de Cambra preparou um guia com perguntas e respostas sobre a vacina\u00e7\u00e3o simult\u00e2nea da Covid e da gripe.<\/strong><\/h3>\n\n\n\n<p><strong>Quais as vacinas que v\u00e3o ser utilizadas?<\/strong><\/p>\n\n\n\n<p>Para quem j\u00e1 tem o esquema prim\u00e1rio completo,&nbsp;ou seja, duas doses da vacina, no esquema vacinal mais comum,&nbsp;ser\u00e3o utilizadas duas vacinas mais adaptadas \u00e0 variante \u00d3micron,&nbsp;uma vez que \u201cestas vacinas t\u00eam um perfil de efic\u00e1cia e seguran\u00e7a adaptado \u00e0s atuais variantes de SARS-CoV-2 em circula\u00e7\u00e3o\u201d, disse a diretora geral da Sa\u00fade, Gra\u00e7a Freitas, quando apresentou o plano de vacina\u00e7\u00e3o contra a Covid e gripe para o outono inverno.<\/p>\n\n\n\n<p>Foram j\u00e1 aprovadas pela Ag\u00eancia Europeia do Medicamento e recomendadas para utentes a partir dos 12 anos, a vacina da Pfizer\/BioNTech adaptada \u00e0 linhagem B.A.1 da variante \u00d3micron, bem como a vacina \u201cbivalent Original\/Omicron BA.1\u2033, desenvolvida pela Moderna.&nbsp;<\/p>\n\n\n\n<p>Para quem ainda n\u00e3o completou o esquema prim\u00e1rio de vacina\u00e7\u00e3o contra a Covid, ser\u00e1 vacinado com \u201cas vacinas originais\u201d.&nbsp;A vacina Comirnaty, desenvolvida pelo cons\u00f3rcio Pfizer\/BioNTech, j\u00e1 chegou a Portugal e est\u00e1 adaptada \u00e0 variante \u00d3micron, estando previsto que cheguem as primeiras 110 mil doses da vacina Spikevax, da farmac\u00eautica Moderna, tamb\u00e9m adaptada \u00e0 variante \u00d3micron.<\/p>\n\n\n\n<p>Segundo Gra\u00e7a Freitas, pela primeira vez, a vacina contra a gripe&nbsp;tem uma \u201cdose elevada\u201d, com composi\u00e7\u00e3o antig\u00e9nica, que ser\u00e1 \u201cquatro vezes superior \u00e0 f\u00f3rmula padr\u00e3o\u201d e lhe confere \u201cefic\u00e1cia superior\u201d.<\/p>\n\n\n\n<p><strong>Quem est\u00e1 eleg\u00edvel?<\/strong><\/p>\n\n\n\n<p>A Dire\u00e7\u00e3o-Geral da Sa\u00fade (DGS) recomenda a vacina\u00e7\u00e3o sazonal contra a Covid-19 aos seguintes grupos: Pessoas com 60 ou mais anos de idade; Residentes ou profissionais de Estabelecimentos Residenciais Para Idosos (ERPI) e na Rede Nacional de Cuidados Continuados; Pessoas com 12 ou mais anos de idade com patologias de risco (nomeadamente pessoas que sofrem de imunossupress\u00e3o, transplantados, entre outros); Gr\u00e1vidas com 18 ou mais anos de idade e doen\u00e7as definidas pela norma 002\/2021 publicada pela Dire\u00e7\u00e3o Geral da Sa\u00fade; Profissionais de sa\u00fade e outros prestadores de cuidados.<\/p>\n\n\n\n<p>Relativamente \u00e0 vacina\u00e7\u00e3o contra a gripe,&nbsp;a DGS recomenda a vacina\u00e7\u00e3o de: Pessoas com 65 ou mais anos de idade; Residentes em ERPI e na rede nacional cuidados continuados; Crian\u00e7as com seis ou mais meses com patologias cr\u00f3nicas associadas; Doentes cr\u00f3nicos e imunodeprimidos: Gr\u00e1vidas sem limite de idade; Profissionais de sa\u00fade e outros profissionais prestadores de cuidados.<\/p>\n\n\n\n<p>H\u00e1 que referir que a vacina\u00e7\u00e3o sazonal contra a Covid-19&nbsp;ser\u00e1 administrada com tr\u00eas meses de intervalo desde a \u00faltima dose ou infe\u00e7\u00e3o, sendo que as pessoas eleg\u00edveis fazem apenas esta dose, independentemente dos refor\u00e7os efetuados no passado, disse a diretora-geral da Sa\u00fade.<\/p>\n\n\n\n<p><strong>Como \u00e9 feito o agendamento?<\/strong><\/p>\n\n\n\n<p>Por enquanto n\u00e3o est\u00e1 prevista a modalidade \u201cCasa Aberta\u201d. Por isso, a convocat\u00f3ria para o agendamento vai ser realizada por&nbsp;SMS&nbsp;ou por&nbsp;contacto telef\u00f3nico. Assim, os utentes devem aguardar pelo contacto da autoridade de sa\u00fade. Est\u00e3o previstos&nbsp;397 pontos de vacina\u00e7\u00e3o, com uma capacidade semanal para 280 mil pessoas, dos quais dois ter\u00e7os estar\u00e3o em centros de sa\u00fade, e os restantes em centros de vacina\u00e7\u00e3o mais pequenos.<\/p>\n\n\n\n<p><strong>Quando vou ser vacinado?<\/strong><\/p>\n\n\n\n<p>O processo vai realizar-se por faixa et\u00e1ria decrescente e priorizando as pessoas com comorbilidades. No in\u00edcio de setembro,&nbsp;iniciou-se a vacina\u00e7\u00e3o dos utentes com idade igual ou superior a 80 anos, num processo que durar\u00e1 quatro semanas; Seguem-se as pessoas com comorbilidades; Profissionais de sa\u00fade e outros profissionais: a partir de 21 de setembro; Pessoas com 70 ou mais anos: a partir de 7 de outubro, num processo que durar\u00e1 cinco semanas; Pessoas com 60 ou mais anos: de 12 de novembro a 17 de dezembro.<\/p>\n\n\n\n<p><strong>Vacina\u00e7\u00e3o vai ser alargada a outros grupos?<\/strong><\/p>\n\n\n\n<p>A diretora-geral da Sa\u00fade j\u00e1 veio a p\u00fablico dizer que Portugal, ao abrigo dos contratos assinados pela Comiss\u00e3o Europeia, tem \u00e0 disposi\u00e7\u00e3o vacinas suficientes se se demonstrar vir a ser necess\u00e1rio efetuar um alargamento da popula\u00e7\u00e3o-alvo a vacinar contra a Covid.&nbsp;<\/p>\n\n\n\n<p><a href=\"https:\/\/eco.sapo.pt\/2022\/09\/07\/vacinacao-contra-a-covid-19-e-gripe-arranca-hoje-isto-e-o-que-precisa-saber\/#off-canvas--comments\"><\/a><\/p>\n\n\n\n<p><a href=\"https:\/\/eco.sapo.pt\/2022\/09\/07\/vacinacao-contra-a-covid-19-e-gripe-arranca-hoje-isto-e-o-que-precisa-saber\/#off-canvas--comments\"><\/a><\/p>\n","protected":false},"excerpt":{"rendered":"<p>J\u00e1 arrancou a campanha sazonal contra a Covid-19 e a gripe. O Centro de Vacina\u00e7\u00e3o de Vale de Cambra &#8211; situado no edif\u00edcio da antiga Casa do Povo, em Macieira de Cambra &#8211; est\u00e1 a funcionar \u00e0s segundas, quartas e quintas-feiras, das 9 \u00e0s 17h.&nbsp; \u00c0 semelhan\u00e7a do que tem sido habitual, o processo vai<\/p>\n","protected":false},"author":5,"featured_media":4784,"comment_status":"open","ping_status":"open","sticky":false,"template":"","format":"standard","meta":{"_monsterinsights_skip_tracking":false,"_monsterinsights_sitenote_active":false,"_monsterinsights_sitenote_note":"","_monsterinsights_sitenote_category":0,"footnotes":""},"categories":[1,157],"tags":[286,10],"class_list":{"0":"post-6679","1":"post","2":"type-post","3":"status-publish","4":"format-standard","5":"has-post-thumbnail","7":"category-atual","8":"category-covid-19","9":"tag-centro-de-vacinacao","10":"tag-covid-19"},"aioseo_notices":[],"_links":{"self":[{"href":"https:\/\/avozdecambra.pt\/index.php?rest_route=\/wp\/v2\/posts\/6679","targetHints":{"allow":["GET"]}}],"collection":[{"href":"https:\/\/avozdecambra.pt\/index.php?rest_route=\/wp\/v2\/posts"}],"about":[{"href":"https:\/\/avozdecambra.pt\/index.php?rest_route=\/wp\/v2\/types\/post"}],"author":[{"embeddable":true,"href":"https:\/\/avozdecambra.pt\/index.php?rest_route=\/wp\/v2\/users\/5"}],"replies":[{"embeddable":true,"href":"https:\/\/avozdecambra.pt\/index.php?rest_route=%2Fwp%2Fv2%2Fcomments&post=6679"}],"version-history":[{"count":11,"href":"https:\/\/avozdecambra.pt\/index.php?rest_route=\/wp\/v2\/posts\/6679\/revisions"}],"predecessor-version":[{"id":6690,"href":"https:\/\/avozdecambra.pt\/index.php?rest_route=\/wp\/v2\/posts\/6679\/revisions\/6690"}],"wp:featuredmedia":[{"embeddable":true,"href":"https:\/\/avozdecambra.pt\/index.php?rest_route=\/wp\/v2\/media\/4784"}],"wp:attachment":[{"href":"https:\/\/avozdecambra.pt\/index.php?rest_route=%2Fwp%2Fv2%2Fmedia&parent=6679"}],"wp:term":[{"taxonomy":"category","embeddable":true,"href":"https:\/\/avozdecambra.pt\/index.php?rest_route=%2Fwp%2Fv2%2Fcategories&post=6679"},{"taxonomy":"post_tag","embeddable":true,"href":"https:\/\/avozdecambra.pt\/index.php?rest_route=%2Fwp%2Fv2%2Ftags&post=6679"}],"curies":[{"name":"wp","href":"https:\/\/api.w.org\/{rel}","templated":true}]}}