{"id":7965,"date":"2023-03-28T21:48:02","date_gmt":"2023-03-28T21:48:02","guid":{"rendered":"http:\/\/avozdecambra.pt\/?p=7965"},"modified":"2023-03-29T08:05:37","modified_gmt":"2023-03-29T08:05:37","slug":"feira-nacional-do-mirtilo-regressa-com-novo-folego","status":"publish","type":"post","link":"https:\/\/avozdecambra.pt\/?p=7965","title":{"rendered":"Sever do Vouga. Feira Nacional do Mirtilo regressa com novo f\u00f4lego entre 23 e 25 de junho"},"content":{"rendered":"\n<p><strong>O Parque Urbano de Sever do Vouga acolhe a 15\u00aa edi\u00e7\u00e3o da Feira Nacional do Mirtilo entre os dias 23 e 25 de junho, num certame que quer consolidar o posicionamento do concelho enquanto territ\u00f3rio pioneiro na produ\u00e7\u00e3o do pequeno fruto.<\/strong><\/p>\n\n\n\n<p>Ostentando a marca \u201cSever do Vouga \u2013 Capital do Mirtilo\u201d, a C\u00e2mara Municipal volta a assumir a lideran\u00e7a na organiza\u00e7\u00e3o do evento que tem um forte impacto na sociedade e na economia local.<\/p>\n\n\n\n<p>A Pra\u00e7a do Mirtilo, que pretende ser a montra por excel\u00eancia dos produtores, promete ser uma das atra\u00e7\u00f5es deste ano. O recinto volta a ter uma zona espec\u00edfica para espet\u00e1culos, separada dos expositores, entre eles empresas ligadas \u00e0 fileira, produtores e comercializadores, viveiristas e stands que mostram o que se pode fazer com o mirtilo, como compotas, licores, ch\u00e1s, infus\u00f5es, bolos, tartes, gelados, entre outros produtos.<\/p>\n\n\n\n<p>Durante os dias da feira ser\u00e1 colocada fruta em fresco &#8211; com uma e embalagem pr\u00f3pria &#8211; em todos os restaurantes do concelho.<\/p>\n\n\n\n<p>As atividades inseridas na programa\u00e7\u00e3o t\u00eam todas entrada gratuita. Per\u00edodos de apanha do mirtilo no Campo Experimental de Pequenos Frutos, sess\u00f5es de sess\u00e3o de show cooking, torneio de futebol inter-freguesias espa\u00e7os para os mais novos, anima\u00e7\u00e3o de rua, m\u00fasica e outras surpresas fazem parte do cartaz.<\/p>\n\n\n\n<p>A festa anual do rei dos antioxidantes engloba, como habitualmente, uma \u00e1rea dedicada \u00e0 restaura\u00e7\u00e3o, sempre muito procurada. Um local ideal para fazer uma pausa e apreciar pratos deliciosos com familiares ou amigos.<\/p>\n\n\n\n<hr class=\"wp-block-separator has-alpha-channel-opacity\"\/>\n\n\n\n<p>A edi\u00e7\u00e3o de 2023 pode ser seguida atrav\u00e9s do website oficial da Feira Nacional do Mirtilo (<a href=\"https:\/\/www.feiradomirtilo.pt\/\">https:\/\/www.feiradomirtilo.pt<\/a>), bem como da p\u00e1gina de Facebook (<a href=\"https:\/\/www.facebook.com\/feiranacionaldomirtilo\">https:\/\/www.facebook.com\/feiranacionaldomirtilo<\/a>), onde ser\u00e1 poss\u00edvel acompanhar o programa e todas as not\u00edcias do evento relacionadas com o evento.<\/p>\n\n\n\n<figure class=\"wp-block-gallery has-nested-images columns-default is-cropped wp-block-gallery-1 is-layout-flex wp-block-gallery-is-layout-flex\">\n<figure class=\"wp-block-image size-large\"><img loading=\"lazy\" decoding=\"async\" width=\"480\" height=\"480\" data-id=\"7966\" src=\"http:\/\/avozdecambra.pt\/wp-content\/uploads\/2023\/03\/FNM2023.jpeg\" alt=\"\" class=\"wp-image-7966\" srcset=\"https:\/\/avozdecambra.pt\/wp-content\/uploads\/2023\/03\/FNM2023.jpeg 480w, https:\/\/avozdecambra.pt\/wp-content\/uploads\/2023\/03\/FNM2023-300x300.jpeg 300w, https:\/\/avozdecambra.pt\/wp-content\/uploads\/2023\/03\/FNM2023-150x150.jpeg 150w, https:\/\/avozdecambra.pt\/wp-content\/uploads\/2023\/03\/FNM2023-450x450.jpeg 450w\" sizes=\"auto, (max-width: 480px) 100vw, 480px\" \/><\/figure>\n<\/figure>\n","protected":false},"excerpt":{"rendered":"<p>O Parque Urbano de Sever do Vouga acolhe a 15\u00aa edi\u00e7\u00e3o da Feira Nacional do Mirtilo entre os dias 23 e 25 de junho, num certame que quer consolidar o posicionamento do concelho enquanto territ\u00f3rio pioneiro na produ\u00e7\u00e3o do pequeno fruto. Ostentando a marca \u201cSever do Vouga \u2013 Capital do Mirtilo\u201d, a C\u00e2mara Municipal volta<\/p>\n","protected":false},"author":5,"featured_media":7983,"comment_status":"open","ping_status":"open","sticky":false,"template":"","format":"standard","meta":{"_monsterinsights_skip_tracking":false,"_monsterinsights_sitenote_active":false,"_monsterinsights_sitenote_note":"","_monsterinsights_sitenote_category":0,"footnotes":""},"categories":[1,20,645],"tags":[792,230],"class_list":{"0":"post-7965","1":"post","2":"type-post","3":"status-publish","4":"format-standard","5":"has-post-thumbnail","7":"category-atual","8":"category-publireportagem","9":"category-sever-do-vouga","10":"tag-feira-do-mirtilo","11":"tag-sever-do-vouga"},"aioseo_notices":[],"_links":{"self":[{"href":"https:\/\/avozdecambra.pt\/index.php?rest_route=\/wp\/v2\/posts\/7965","targetHints":{"allow":["GET"]}}],"collection":[{"href":"https:\/\/avozdecambra.pt\/index.php?rest_route=\/wp\/v2\/posts"}],"about":[{"href":"https:\/\/avozdecambra.pt\/index.php?rest_route=\/wp\/v2\/types\/post"}],"author":[{"embeddable":true,"href":"https:\/\/avozdecambra.pt\/index.php?rest_route=\/wp\/v2\/users\/5"}],"replies":[{"embeddable":true,"href":"https:\/\/avozdecambra.pt\/index.php?rest_route=%2Fwp%2Fv2%2Fcomments&post=7965"}],"version-history":[{"count":2,"href":"https:\/\/avozdecambra.pt\/index.php?rest_route=\/wp\/v2\/posts\/7965\/revisions"}],"predecessor-version":[{"id":7984,"href":"https:\/\/avozdecambra.pt\/index.php?rest_route=\/wp\/v2\/posts\/7965\/revisions\/7984"}],"wp:featuredmedia":[{"embeddable":true,"href":"https:\/\/avozdecambra.pt\/index.php?rest_route=\/wp\/v2\/media\/7983"}],"wp:attachment":[{"href":"https:\/\/avozdecambra.pt\/index.php?rest_route=%2Fwp%2Fv2%2Fmedia&parent=7965"}],"wp:term":[{"taxonomy":"category","embeddable":true,"href":"https:\/\/avozdecambra.pt\/index.php?rest_route=%2Fwp%2Fv2%2Fcategories&post=7965"},{"taxonomy":"post_tag","embeddable":true,"href":"https:\/\/avozdecambra.pt\/index.php?rest_route=%2Fwp%2Fv2%2Ftags&post=7965"}],"curies":[{"name":"wp","href":"https:\/\/api.w.org\/{rel}","templated":true}]}}